{"id":1782,"date":"2021-06-08T11:05:41","date_gmt":"2021-06-08T11:05:41","guid":{"rendered":"http:\/\/www.iforbes.cz\/?p=1782"},"modified":"2021-06-08T11:05:42","modified_gmt":"2021-06-08T11:05:42","slug":"jaromir-nosek-se-musel-vzdat-prace-i-rodiny","status":"publish","type":"post","link":"https:\/\/www.iforbes.cz\/index.php\/2021\/06\/08\/jaromir-nosek-se-musel-vzdat-prace-i-rodiny\/","title":{"rendered":"Jarom\u00edr Nosek se musel vzd\u00e1t pr\u00e1ce i rodiny"},"content":{"rendered":"\n<p><strong>Jarom\u00edra Noska postihla covidov\u00e1 pandemie z\u00e1sadn\u011b. P\u0159ipravila ho o milovanou pr\u00e1ci, pen\u00edze i pl\u00e1ny na zalo\u017een\u00ed rodiny. Osudu se v\u0161ak obl\u00edben\u00fd herec a nov\u011b i re\u017eis\u00e9r dok\u00e1zal postavit r\u00e1zn\u011b a zd\u00e1 se, \u017ee se ji\u017e bl\u00fdsk\u00e1 na lep\u0161\u00ed \u010dasy!<\/strong><\/p>\n\n\n\n<p>Tak jako cel\u00e9 \u0159ady kum\u0161t\u00fd\u0159\u016f, dotkl se dlouhodob\u00fd lockdown kultury i popul\u00e1rn\u00edho herce zn\u00e1m\u00e9ho nap\u0159\u00edklad ze seri\u00e1lu Vypr\u00e1v\u011bj nebo legend\u00e1rn\u00ed komedie Rom\u00e1n pro \u017eeny. \u201eVyst\u0159\u00eddal jsem toho skute\u010dn\u011b hodn\u011b \u2013 jezdil jsem s\u00a0je\u0161t\u011brkou, dod\u00e1vkou, st\u0159\u00edhal t\u00faje, st\u011bhoval kuchyn\u011b nebo \u0159ezal tr\u00e1my,\u201c p\u0159iznal Jarom\u00edr s\u00a0t\u00edm, \u017ee nem\u011bl probl\u00e9m s\u00a0t\u00edm, kdy\u017e ho lid\u00e9 v\u00a0jin\u00fdch, \u0159ekn\u011bme ne tolik vzne\u0161en\u00fdch profes\u00edch, pozn\u00e1vali: \u201eLid\u00e9 byli velmi shov\u00edvav\u00ed, kdy\u017e ve mn\u011b toho zn\u00e1m\u00e9ho herce z\u00a0televize objevili. Aspo\u0148 vid\u011bli, \u017ee herci se jak\u00e9koliv pr\u00e1ce opravdu neboj\u00ed, jak je o n\u00e1s \u010dasto myln\u011b m\u00edn\u011bno,\u201c p\u0159iznal s\u00a0\u00fasm\u011bvem.<\/p>\n\n\n\n<figure class=\"wp-block-image size-large\"><img loading=\"lazy\" width=\"683\" height=\"1024\" src=\"https:\/\/www.iforbes.cz\/wp-content\/uploads\/2021\/06\/E5A9964-683x1024.jpg\" alt=\"\" class=\"wp-image-1784\" srcset=\"https:\/\/www.iforbes.cz\/wp-content\/uploads\/2021\/06\/E5A9964-683x1024.jpg 683w, https:\/\/www.iforbes.cz\/wp-content\/uploads\/2021\/06\/E5A9964-200x300.jpg 200w, https:\/\/www.iforbes.cz\/wp-content\/uploads\/2021\/06\/E5A9964-768x1152.jpg 768w, https:\/\/www.iforbes.cz\/wp-content\/uploads\/2021\/06\/E5A9964-1024x1536.jpg 1024w, https:\/\/www.iforbes.cz\/wp-content\/uploads\/2021\/06\/E5A9964-1366x2048.jpg 1366w, https:\/\/www.iforbes.cz\/wp-content\/uploads\/2021\/06\/E5A9964.jpg 1669w\" sizes=\"(max-width: 683px) 100vw, 683px\" \/><figcaption>Jaroslav Nosek<\/figcaption><\/figure>\n\n\n\n<p>STOP musel Jarom\u00edr vystavit tak\u00e9 pl\u00e1n\u016fm na zalo\u017een\u00ed rodiny se svou dlouholetou p\u0159\u00edtelkyn\u00ed, kterou by p\u0159eci jen z&nbsp;omezen\u00e9ho p\u0159\u00edjmu a ten\u010d\u00edc\u00edch se rezerv, u\u017eivil t\u011b\u017eko. V\u0161echny u\u0161et\u0159en\u00e9 pen\u00edze toti\u017e Jarom\u00edr p\u016fj\u010dil do produkce filmu Daria, kter\u00e9mu se ale u \u010desk\u00fdch div\u00e1k\u016f p\u0159\u00edli\u0161 neda\u0159\u00ed a s\u00e1m se tak dostal na \u010das do finan\u010dn\u00edch pot\u00ed\u017e\u00ed. Rodinn\u00e9mu rozpo\u010dtu sice trochu pomohlo \u00fa\u010dinkov\u00e1n\u00ed v&nbsp;reklamn\u00ed kampani, kter\u00fdm se Jarom\u00edr jinak sp\u00ed\u0161e vyh\u00fdb\u00e1, ale na vyskakov\u00e1n\u00ed to ur\u010dit\u011b nebylo.<\/p>\n\n\n\n<p>Aktu\u00e1ln\u011b se ale Jarom\u00edr postupn\u011b vrac\u00ed k&nbsp;divadlu a t\u011b\u0161\u00ed se, a\u017e bude moct kone\u010dn\u011b op\u011bt hr\u00e1t divadlo a p\u0159edstavit div\u00e1k\u016fm tak\u00e9 sv\u016fj divadeln\u00ed re\u017eijn\u00ed debut P\u0159\u00e1tel\u00e1k, kter\u00fd p\u0159ed p\u0159\u00edchodem pandemie nestihl \u0159\u00e1dn\u011b odpremi\u00e9rovat. A v&nbsp;re\u017eis\u00e9rsk\u00e9 roli se mu evidentn\u011b zal\u00edbilo, zkou\u0161\u00ed nyn\u00ed dokonce druhou hru, tentokr\u00e1t se pustil do shakespearovsk\u00e9 klasiky Richard III. \u201eZat\u00edm to tedy zkou\u0161\u00edme takzvan\u011b do \u0161upl\u00ed\u010dku, ale v\u011b\u0159\u00edm, \u017ee ji brzy budeme moct zahr\u00e1t sv\u011btu.\u201c A nad\u011bjn\u011b vid\u00ed i opr\u00e1\u0161en\u00ed pl\u00e1n\u016f na rodinu: \u201ePandemie na\u0161e pl\u00e1ny ubrzdila z&nbsp;finan\u010dn\u00edch d\u016fvod\u016f, ov\u0161em bio hodiny se zrychlily,\u201c dodal s&nbsp;potuteln\u00fdm \u00fasm\u011bvem.<\/p>\n","protected":false},"excerpt":{"rendered":"<p>Jarom\u00edra Noska postihla covidov\u00e1 pandemie z\u00e1sadn\u011b. P\u0159ipravila ho o milovanou pr\u00e1ci, pen\u00edze i pl\u00e1ny na zalo\u017een\u00ed rodiny. Osudu se v\u0161ak<\/p>\n","protected":false},"author":1,"featured_media":1783,"comment_status":"open","ping_status":"open","sticky":false,"template":"","format":"standard","meta":{"colormag_page_container_layout":"default_layout","colormag_page_sidebar_layout":"default_layout"},"categories":[53],"tags":[],"_links":{"self":[{"href":"https:\/\/www.iforbes.cz\/index.php\/wp-json\/wp\/v2\/posts\/1782"}],"collection":[{"href":"https:\/\/www.iforbes.cz\/index.php\/wp-json\/wp\/v2\/posts"}],"about":[{"href":"https:\/\/www.iforbes.cz\/index.php\/wp-json\/wp\/v2\/types\/post"}],"author":[{"embeddable":true,"href":"https:\/\/www.iforbes.cz\/index.php\/wp-json\/wp\/v2\/users\/1"}],"replies":[{"embeddable":true,"href":"https:\/\/www.iforbes.cz\/index.php\/wp-json\/wp\/v2\/comments?post=1782"}],"version-history":[{"count":1,"href":"https:\/\/www.iforbes.cz\/index.php\/wp-json\/wp\/v2\/posts\/1782\/revisions"}],"predecessor-version":[{"id":1785,"href":"https:\/\/www.iforbes.cz\/index.php\/wp-json\/wp\/v2\/posts\/1782\/revisions\/1785"}],"wp:featuredmedia":[{"embeddable":true,"href":"https:\/\/www.iforbes.cz\/index.php\/wp-json\/wp\/v2\/media\/1783"}],"wp:attachment":[{"href":"https:\/\/www.iforbes.cz\/index.php\/wp-json\/wp\/v2\/media?parent=1782"}],"wp:term":[{"taxonomy":"category","embeddable":true,"href":"https:\/\/www.iforbes.cz\/index.php\/wp-json\/wp\/v2\/categories?post=1782"},{"taxonomy":"post_tag","embeddable":true,"href":"https:\/\/www.iforbes.cz\/index.php\/wp-json\/wp\/v2\/tags?post=1782"}],"curies":[{"name":"wp","href":"https:\/\/api.w.org\/{rel}","templated":true}]}}