{"id":1820,"date":"2024-10-29T11:04:28","date_gmt":"2024-10-29T11:04:28","guid":{"rendered":"https:\/\/www.iforbes.cz\/?p=1820"},"modified":"2024-10-29T11:04:29","modified_gmt":"2024-10-29T11:04:29","slug":"dnes-zacina-sbirka-vlci-mak-ceske-republiky-pro-valecne-veterany","status":"publish","type":"post","link":"https:\/\/www.iforbes.cz\/index.php\/2024\/10\/29\/dnes-zacina-sbirka-vlci-mak-ceske-republiky-pro-valecne-veterany\/","title":{"rendered":"Dnes za\u010d\u00edn\u00e1 sb\u00edrka Vl\u010d\u00ed m\u00e1k \u010cesk\u00e9 republiky pro v\u00e1le\u010dn\u00e9 veter\u00e1ny"},"content":{"rendered":"\n<p><strong>P\u0159isp\u011bjte zakoupen\u00edm vl\u010d\u00edho m\u00e1ku na p\u00e9\u010di o v\u00e1le\u010dn\u00e9 veter\u00e1ny. Ode dne\u0161ka do 11. 11. se kon\u00e1 sb\u00edrka&nbsp;<em>Vl\u010d\u00ed m\u00e1k \u010cesk\u00e9 republiky pro na\u0161e v\u00e1le\u010dn\u00e9 veter\u00e1ny<\/em>. Zakoupen\u00edm tohoto symbolu vyj\u00e1d\u0159\u00edte \u00factu a pod\u011bkov\u00e1n\u00ed hrdin\u016fm, kte\u0159\u00ed od dob prvn\u00ed sv\u011btov\u00e9 v\u00e1lky do sou\u010dasnosti polo\u017eili \u017eivoty za na\u0161i svobodu, stejn\u011b jako v\u00e1le\u010dn\u00fdm veter\u00e1n\u016fm novodob\u00fdm, kte\u0159\u00ed se pod\u00edlej\u00ed na obran\u011b demokracie p\u0159i zahrani\u010dn\u00edch operac\u00edch. Tento m\u00e1k je symbolem jedin\u00e9 sb\u00edrky v \u010cesk\u00e9 republice, u kter\u00e9 je cel\u00fd v\u00fdt\u011b\u017eek vyu\u017eit prost\u0159ednictv\u00edm Vojensk\u00e9ho fondu solidarity na konkr\u00e9tn\u00ed pomoc v\u00e1le\u010dn\u00fdm veter\u00e1n\u016fm, voj\u00e1k\u016fm a jejich rodin\u00e1m. Novinkou je mo\u017enost po\u0159\u00eddit si DiGiM\u00c1K.<\/strong><\/p>\n\n\n\n<p>Pokud si ode dne\u0161ka koup\u00edte od voj\u00e1k\u016f \u010di Sokolsk\u00e9 str\u00e1\u017ee vl\u010d\u00ed m\u00e1k, jeho\u017e podobu najdete ve fotogalerii, m\u00e1te jistotu, \u017ee v\u00e1\u0161 p\u0159\u00edsp\u011bvek bude beze zbytku vyu\u017eit na p\u00e9\u010di o v\u00e1le\u010dn\u00e9 veter\u00e1ny. Minul\u00fd t\u00fdden&nbsp;<a href=\"https:\/\/www.vhu.cz\/vlci-mak-ceske-republiky\/\" target=\"_blank\" rel=\"noreferrer noopener\">projekt Vl\u010d\u00ed m\u00e1k \u010cesk\u00e9 republiky p\u0159edstavila v Arm\u00e1dn\u00edm muzeu \u017di\u017ekov ministryn\u011b obrany Jana \u010cernochov\u00e1<\/a>&nbsp;spolu s \u0159editelem Odboru pro v\u00e1le\u010dn\u00e9 veter\u00e1ny a v\u00e1le\u010dn\u00e9 hroby MO plukovn\u00edkem Robertem Speychalem a \u0159editelem Vojensk\u00e9ho historick\u00e9ho \u00fastavu Praha, brig\u00e1dn\u00edm gener\u00e1lem Ale\u0161em Kn\u00ed\u017ekem. Autorem Vl\u010d\u00edho m\u00e1ku \u010cesk\u00e9 republiky je v\u00fdtvarn\u00edk a kresl\u00ed\u0159 \u0160t\u011bp\u00e1n Mare\u0161.<\/p>\n\n\n\n<p>V\u00fdt\u011b\u017eek ze sb\u00edrky Vl\u010d\u00ed m\u00e1k \u010cesk\u00e9 republiky jde p\u0159\u00edmo do Vojensk\u00e9ho fondu solidarity, kter\u00fd se o veter\u00e1ny II. sv\u011btov\u00e9 v\u00e1lky i novodob\u00e9 v\u00e1le\u010dn\u00e9 veter\u00e1ny star\u00e1. \u00da\u010dastn\u00edk\u016f II. sv\u011btov\u00e9 v\u00e1lky \u017eije 62, veter\u00e1n\u016f z mis\u00ed Arm\u00e1dy \u010cR je t\u00e9m\u011b\u0159 17 tis\u00edc.<\/p>\n\n\n\n<figure class=\"wp-block-video\"><video controls src=\"https:\/\/www.iforbes.cz\/wp-content\/uploads\/2024\/10\/Vlci-mak-Ceske-republiky.mp4\"><\/video><\/figure>\n\n\n\n<p>Jen v&nbsp;tomto roce bylo dosud schv\u00e1leno 33 \u017e\u00e1dost\u00ed v&nbsp;celkov\u00e9 v\u00fd\u0161i p\u0159es 6 milion\u016f korun. Od roku 2015 do roku 2023 pomohl projekt Vojensk\u00e9ho fondu solidarity 58 lidem a celkov\u011b poskytl na pomoc \u010d\u00e1stku ve v\u00fd\u0161i 18&nbsp;935 525 K\u010d. V\u00edce informac\u00ed o konkr\u00e9tn\u00edch p\u0159\u00edpadech pomoci najdete na str\u00e1nk\u00e1ch&nbsp;<a href=\"https:\/\/ovv.army.cz\/odbor-pro-valecne-veterany-valecne-hroby-mo\" target=\"_blank\" rel=\"noreferrer noopener\">Odboru pro v\u00e1le\u010dn\u00e9 veter\u00e1ny a v\u00e1le\u010dn\u00e9 hroby MO<\/a>&nbsp;podrobnosti k Vl\u010d\u00edmu m\u00e1ku \u010cesk\u00e9 republiky pak najdete&nbsp;<a href=\"https:\/\/veterani.army.cz\/vlci-mak-ceske-republiky-0\" target=\"_blank\" rel=\"noreferrer noopener\">na tomto odkazu.<\/a><\/p>\n\n\n\n<p>K dispozici jsou t\u0159i varianty vl\u010d\u00edho m\u00e1ku. Krom\u011b klasick\u00e9 verze z odoln\u00e9ho probarven\u00e9ho pap\u00edru s vyra\u017een\u00fdm vro\u010den\u00edm bude k dispozici i&nbsp;limitovan\u00e1 sb\u011bratelsk\u00e1 edice realizovan\u00e1 v LOM PRAHA s.p., kter\u00e1 je odrazem vz\u00e1jemn\u00e9 spolupr\u00e1ce mezi st\u00e1tn\u00edmi podniky v r\u00e1mci iniciativy Pro silnou arm\u00e1du. Ka\u017ed\u00fd m\u00e1k z t\u00e9to edice je koncipov\u00e1n jako skl\u00e1da\u010dka, na jej\u00edm\u017e sestaven\u00ed se pod\u00edleli p\u0159\u00edmo v\u00e1le\u010dn\u00ed veter\u00e1ni. Novinkou je mo\u017enost po\u0159\u00eddit si&nbsp;<a href=\"https:\/\/digimak.cz\/\" target=\"_blank\" rel=\"noreferrer noopener\">DiGiM\u00c1K \u010cesk\u00e1 republika<\/a>. Jedn\u00e1 se o digit\u00e1ln\u00ed zlatou minci, v jej\u00edm\u017e st\u0159edu je vl\u010d\u00ed m\u00e1k. Po obvodu je n\u00e1pis Nezapom\u00edn\u00e1me \u010di V\u011brni z\u016fstaneme, lze v\u0161ak vlo\u017eit i sv\u016fj text, nap\u0159\u00edklad v\u011bnov\u00e1n\u00ed konkr\u00e9tn\u00edmu v\u00e1le\u010dn\u00e9mu veter\u00e1novi.<\/p>\n\n\n\n<p>Vl\u010d\u00ed m\u00e1k \u010cesk\u00e9 republiky si m\u016f\u017eete od \u00fater\u00fd 29. \u0159\u00edjna do 11. 11. koupit tak\u00e9 na recepci Arm\u00e1dn\u00edho muzea \u017di\u017ekov. Zaplatit m\u016f\u017eete bu\u010f do kasi\u010dky u vchodu, nebo QR platbou p\u0159\u00edmo na \u00fa\u010det Vojensk\u00e9ho fondu solidarity.<\/p>\n\n\n\n<p><em>Foto: MO\u010cR<\/em><\/p>\n","protected":false},"excerpt":{"rendered":"<p>P\u0159isp\u011bjte zakoupen\u00edm vl\u010d\u00edho m\u00e1ku na p\u00e9\u010di o v\u00e1le\u010dn\u00e9 veter\u00e1ny. Ode dne\u0161ka do 11. 11. se kon\u00e1 sb\u00edrka&nbsp;Vl\u010d\u00ed m\u00e1k \u010cesk\u00e9 republiky<\/p>\n","protected":false},"author":1,"featured_media":1822,"comment_status":"open","ping_status":"open","sticky":false,"template":"","format":"standard","meta":{"colormag_page_container_layout":"default_layout","colormag_page_sidebar_layout":"default_layout"},"categories":[53],"tags":[85,86,87,84,89,88],"_links":{"self":[{"href":"https:\/\/www.iforbes.cz\/index.php\/wp-json\/wp\/v2\/posts\/1820"}],"collection":[{"href":"https:\/\/www.iforbes.cz\/index.php\/wp-json\/wp\/v2\/posts"}],"about":[{"href":"https:\/\/www.iforbes.cz\/index.php\/wp-json\/wp\/v2\/types\/post"}],"author":[{"embeddable":true,"href":"https:\/\/www.iforbes.cz\/index.php\/wp-json\/wp\/v2\/users\/1"}],"replies":[{"embeddable":true,"href":"https:\/\/www.iforbes.cz\/index.php\/wp-json\/wp\/v2\/comments?post=1820"}],"version-history":[{"count":1,"href":"https:\/\/www.iforbes.cz\/index.php\/wp-json\/wp\/v2\/posts\/1820\/revisions"}],"predecessor-version":[{"id":1823,"href":"https:\/\/www.iforbes.cz\/index.php\/wp-json\/wp\/v2\/posts\/1820\/revisions\/1823"}],"wp:featuredmedia":[{"embeddable":true,"href":"https:\/\/www.iforbes.cz\/index.php\/wp-json\/wp\/v2\/media\/1822"}],"wp:attachment":[{"href":"https:\/\/www.iforbes.cz\/index.php\/wp-json\/wp\/v2\/media?parent=1820"}],"wp:term":[{"taxonomy":"category","embeddable":true,"href":"https:\/\/www.iforbes.cz\/index.php\/wp-json\/wp\/v2\/categories?post=1820"},{"taxonomy":"post_tag","embeddable":true,"href":"https:\/\/www.iforbes.cz\/index.php\/wp-json\/wp\/v2\/tags?post=1820"}],"curies":[{"name":"wp","href":"https:\/\/api.w.org\/{rel}","templated":true}]}}