{"id":1857,"date":"2024-12-10T13:58:34","date_gmt":"2024-12-10T13:58:34","guid":{"rendered":"https:\/\/www.iforbes.cz\/?p=1857"},"modified":"2024-12-10T13:58:36","modified_gmt":"2024-12-10T13:58:36","slug":"v-praze-probehla-5-vyzbrojovaci-konference","status":"publish","type":"post","link":"https:\/\/www.iforbes.cz\/index.php\/2024\/12\/10\/v-praze-probehla-5-vyzbrojovaci-konference\/","title":{"rendered":"V Praze prob\u011bhla 5. vyzbrojovac\u00ed konference"},"content":{"rendered":"\n<p><strong>Od n\u00e1stupu Jany \u010cernochov\u00e9 do funkce uzav\u0159el resort Ministerstva obrany p\u0159es 38,5 tis\u00edce smluv za v\u00edce ne\u017e 395 miliard korun. Naprost\u00e1 v\u011bt\u0161ina \u2013 37 tis\u00edc smluv \u2013 pak byla podeps\u00e1na s \u010desk\u00fdmi spole\u010dnostmi. Nejen to zazn\u011blo na 5. vyzbrojovac\u00ed konferenci s podtitulem \u201evyzbrojov\u00e1n\u00ed v dob\u011b kriz\u00ed\u201c, kter\u00e1 se 6. prosince uskute\u010dnila v Arm\u00e1dn\u00edm muzeu \u017di\u017ekov. C\u00edlem konference bylo p\u0159edstavit realizovan\u00e9 a pl\u00e1novan\u00e9 vyzbrojovac\u00ed projekty A\u010cR a umo\u017enit setk\u00e1n\u00ed z\u00e1stupc\u016f obrann\u00e9ho a bezpe\u010dnostn\u00edho pr\u016fmyslu \u010cR, Ministerstva obrany a Arm\u00e1dy \u010cR.<\/strong><\/p>\n\n\n\n<p><strong>Maxim\u00e1ln\u00ed podpora \u010desk\u00e9ho obrann\u00e9ho pr\u016fmyslu<\/strong><\/p>\n\n\n\n<p>Podpora obrann\u00e9ho pr\u016fmyslu byla prioritou ministryn\u011b obrany od za\u010d\u00e1tku jej\u00edho p\u016fsoben\u00ed v \u00fa\u0159adu. Zah\u00e1jit \u201enejrozs\u00e1hlej\u0161\u00ed modernizaci ozbrojen\u00fdch sil\u201c by podle n\u00ed ale nebylo mo\u017en\u00e9 bez napln\u011bn\u00ed jedn\u00e9 z priorit vl\u00e1dy Petra Fialy, a to uz\u00e1kon\u011bn\u00ed v\u00fddaj\u016f na obranu ve v\u00fd\u0161i 2 procent HDP. <em>\u201eNen\u00ed to jen z\u00e1vazek alian\u010dn\u00ed, ale d\u011bl\u00e1me to hlavn\u011b sami kv\u016fli sob\u011b. Je to podlaha, nikoliv strop,\u201c<\/em> zd\u016fraznila ministryn\u011b Jana \u010cernochov\u00e1 v proslovu s t\u00edm, \u017ee dv\u011b procenta HDP na obranu budou v leto\u0161n\u00edm roce vyd\u00e1vat u\u017e t\u00e9m\u011b\u0159 t\u0159i \u010dtvrtiny \u010dlen\u016f NATO.<\/p>\n\n\n\n<p>\u017de dv\u011b procenta obzvl\u00e1\u0161\u0165 v dne\u0161n\u00ed dob\u011b zdaleka nesta\u010d\u00ed, zd\u016fraznil tak\u00e9 n\u00e1\u010deln\u00edk Gener\u00e1ln\u00edho \u0161t\u00e1bu gener\u00e1lporu\u010d\u00edk Karel \u0158ehka. <em>\u201eBylo by u\u017eite\u010dn\u00e9 p\u0159estat tolik mluvit o procentech HDP a v\u00edce o schopnostech, kter\u00e9 za to po\u0159izujeme,\u201c <\/em>uvedl. \u0158ada produkt\u016f se s kriz\u00ed n\u011bkolikan\u00e1sobn\u011b zdra\u017eila \u2013 d\u011blost\u0159eleck\u00e1 munice podle n\u011bj nap\u0159\u00edklad podra\u017eila \u010dty\u0159n\u00e1sobn\u011b. Zbroja\u0159e tak\u00e9 vyzval k v\u011bt\u0161\u00ed otev\u0159enosti p\u0159i \u0159e\u0161en\u00ed probl\u00e9m\u016f.<\/p>\n\n\n\n<p><strong>Akvizice jsou rychlej\u0161\u00ed, napomohla zm\u011bna proces\u016f uvnit\u0159 resortu<\/strong><\/p>\n\n\n\n<p>Tempo vyzbrojov\u00e1n\u00ed se podle \u0159e\u010dn\u00edk\u016f z Ministerstva obrany za posledn\u00ed roky v\u00fdrazn\u011b zrychlilo. Sv\u011bd\u010d\u00ed o tom ji\u017e zm\u00edn\u011bn\u00fd po\u010det podepsan\u00fdch smluv v \u0159\u00e1dech des\u00edtek tis\u00edc a v celkov\u00e9 hodnot\u011b stovek miliard&nbsp;v\u010detn\u011b dvou nejv\u011bt\u0161\u00edch \u2013 na letouny F-35 a bojov\u00e1 vozidla p\u011bchoty. Trend v\u00fdznamn\u00e9ho zapojen\u00ed \u010desk\u00e9ho pr\u016fmyslu do modernizace arm\u00e1dy bude podle ministryn\u011b \u010cernochov\u00e9 pokra\u010dovat i v budoucnu: <em>\u201eN\u00e1\u0161 z\u00e1jem je, aby maximum na projektech d\u011blal \u010desk\u00fd obrann\u00fd pr\u016fmysl a tam, kde to nen\u00ed mo\u017en\u00e9, aby byl alespo\u0148 zapojen do v\u00fdroby, ale hlavn\u011b do \u017eivotn\u00edho cyklu,\u201c<\/em> uvedla.<\/p>\n\n\n\n<p>Rychlej\u0161\u00edmu tempu akvizic pomohla podle vrchn\u00edho \u0159editele sekce vyzbrojov\u00e1n\u00ed a akvizic Lubora Koudelky zm\u011bna proces\u016f jak na \u00farovni vl\u00e1dy, tak Ministerstva obrany: <em>\u201eJedn\u00e1 se nap\u0159\u00edklad o zru\u0161en\u00ed povinnosti p\u0159edkl\u00e1dat vl\u00e1d\u011b zak\u00e1zky realizovan\u00e9 na v\u00fdjimku s hodnotou do 300 milion\u016f korun, zru\u0161en\u00ed povinnosti p\u0159edkl\u00e1dat vl\u00e1d\u011b akvizice realizovan\u00e9 formou tzv. vertik\u00e1ln\u00ed nebo horizont\u00e1ln\u00ed spolupr\u00e1ce, nebo podstatn\u00e9 zjednodu\u0161en\u00ed procesu schvalov\u00e1n\u00ed zak\u00e1zek Kolegiem MO v\u010detn\u011b v\u00fdrazn\u00e9ho sn\u00ed\u017een\u00ed jejich po\u010dtu,\u201c<\/em> up\u0159esnil. D\u00edky tomu se podle n\u011bj zam\u011bstnanci sekce mohou pln\u011b v\u011bnovat skute\u010dn\u00fdm realizac\u00edm akvizic a nemusej\u00ed \u0159e\u0161it byrokracii.<\/p>\n\n\n\n<p>Celkem sto z\u00e1stupc\u016f z r\u016fzn\u00fdch spole\u010dnost\u00ed si pochvalovalo jak samotnou konferenci, tak fakt, \u017ee Ministerstvo obrany s \u010desk\u00fdmi firmami velmi otev\u0159en\u011b komunikuje a p\u0159edstavuje sv\u00e9 vyzbrojovac\u00ed pl\u00e1ny.&nbsp;Jako p\u0159\u00edklad lze uv\u00e9st tzv. pr\u016fmyslov\u00e9 dny, kter\u00e9 ministerstvo organizuje s potenci\u00e1ln\u00edmi dodavateli p\u0159ed zah\u00e1jen\u00edm vybran\u00fdch akvizi\u010dn\u00edch projekt\u016f. Jenom za leto\u0161n\u00ed rok takov\u00fdch akc\u00ed prob\u011bhlo dev\u011bt des\u00edtek s hojnou \u00fa\u010dast\u00ed pr\u00e1v\u011b z\u00e1stupc\u016f \u010desk\u00e9ho pr\u016fmyslu, jak zm\u00ednila vrchn\u00ed \u0159editelka Radka Konderlov\u00e1, kter\u00e1 m\u00e1 pr\u00e1v\u011b pr\u016fmyslovou spolupr\u00e1ci ve sv\u00e9 gesci. <em>\u201eMus\u00edm ocenit, nakolik se spolupr\u00e1ce s Ministerstvem obrany za posledn\u00edch n\u011bkolik let zlep\u0161ila. Pro obrann\u00fd a bezpe\u010dnostn\u00ed pr\u016fmysl jako celek to je obrovsk\u00fd p\u0159\u00ednos, kter\u00fd n\u00e1sledn\u011b p\u0159in\u00e1\u0161\u00ed pozitiva i \u010desk\u00e9mu st\u00e1tu a jeho obranyschopnosti,\u201c<\/em> uvedl Bohuslav Dvo\u0159\u00e1k, kter\u00fd na konferenci zastupoval spole\u010dnost Omnipol.<\/p>\n\n\n\n<p>V z\u00e1v\u011bre\u010dn\u00e9m diskuzn\u00edm panelu spolu zasedli funkcion\u00e1\u0159i ministerstva a z\u00e1stupci p\u0159edn\u00edch \u010desk\u00fdch obrann\u00fdch firem. Od jejich p\u0159edstavitel\u016f op\u011bt zazn\u011blo, \u017ee zat\u00edmco d\u0159\u00edve se o spolupr\u00e1ci mezi ministerstvem a obrann\u00fdm pr\u016fmyslem jen mluvilo, nyn\u00ed je skute\u010dn\u011b realizovan\u00e1. Firmy si z\u00e1rove\u0148 pochvalovaly spolupr\u00e1ci s \u00fa\u0159adem a arm\u00e1dou na testov\u00e1n\u00ed a v\u00fdvoji nov\u00e9ho materi\u00e1lu nebo nap\u0159\u00edklad na stabiln\u00edm financov\u00e1n\u00ed a otev\u0159enosti, se kterou informuje podniky o sv\u00fdch pot\u0159eb\u00e1ch.<\/p>\n\n\n\n<p><strong>Pro Ministerstvo obrany je d\u016fle\u017eit\u00e1 flexibilita akvizi\u010dn\u00edho syst\u00e9mu<\/strong><\/p>\n\n\n\n<p>Poprv\u00e9 nap\u0159\u00edklad do\u0161lo k prezentaci akvizi\u010dn\u00edch pot\u0159eb arm\u00e1dy v oblasti z\u00e1kladn\u00ed v\u00fdstroje a v\u00fdzbroje voj\u00e1ka, na kterou se ob\u010das podle vrchn\u00edho \u0159editele Koudelky zapom\u00ednalo ve sv\u011btle velk\u00fdch akvizic, jako je nap\u0159. F-35. V p\u0159\u00edpad\u011b zapojen\u00ed \u010desk\u00fdch firem do zahrani\u010dn\u00edch kontrakt\u016f pak \u010dasto zazn\u00edval apel na podporu od st\u00e1tu.&nbsp;Zde je v\u0161ak podle 1. n\u00e1m\u011bstka ministryn\u011b obrany Franti\u0161ka \u0160ulce zapojen\u00ed slo\u017eit\u00e9, nebo\u0165 jsou akvizi\u010dn\u00ed kontrakty a kontrakty o pr\u016fmyslov\u00e9 spolupr\u00e1ci pln\u011b odd\u011blen\u00e9, a \u010dasto je probl\u00e9m je na sebe nav\u00e1zat, \u010di jsou odvisl\u00e9 od po\u010dtu odebran\u00fdch kus\u016f techniky od zahrani\u010dn\u00edho v\u00fdrobce. Z\u00e1rove\u0148 zd\u016fraznil, \u017ee strategi\u00ed ministerstva je do \u010desk\u00fdch podnik\u016f p\u0159en\u00e1\u0161et kompletn\u00ed v\u00fdrobu v\u00fdznamn\u00fdch podsyst\u00e9m\u016f hotov\u00e9ho celku ne\u017e fin\u00e1ln\u00ed mont\u00e1\u017e z hotov\u00fdch d\u00edl\u016f.<\/p>\n\n\n\n<p>Je d\u016fle\u017eit\u00e9 na \u00fazem\u00ed \u010cR pln\u011b, a to i z d\u016fvodu zaji\u0161t\u011bn\u00ed bezpe\u010dnosti dod\u00e1vek, p\u0159en\u00e1\u0161et servis\u00a0\u010di modernizace. V obecn\u00e9 rovin\u011b je pro ministerstvo d\u016fle\u017eit\u00e1 flexibilita akvizi\u010dn\u00edho syst\u00e9mu: i kdy\u017e je nav\u00fd\u0161en\u00e9 financov\u00e1n\u00ed nutn\u00fdm krokem k napln\u011bn\u00ed akvizi\u010dn\u00edch pot\u0159eb Arm\u00e1dy \u010cR, \u010dast\u00e9 v\u00fdkyvy v ekonomick\u00e9 predikci nebo slab\u00fd r\u016fst zp\u016fsobuj\u00ed neust\u00e1l\u00e9 p\u0159ehodnocov\u00e1n\u00ed a upravov\u00e1n\u00ed arm\u00e1dn\u00edch pl\u00e1n\u016f, kter\u00e9 zase nut\u00ed firmy od z\u00e1kladu m\u011bnit ji\u017e p\u0159ipraven\u00e9 produkty a materi\u00e1lovou z\u00e1kladnu.<\/p>\n\n\n\n<p><em>Foto: MO\u010cR<\/em><\/p>\n","protected":false},"excerpt":{"rendered":"<p>Od n\u00e1stupu Jany \u010cernochov\u00e9 do funkce uzav\u0159el resort Ministerstva obrany p\u0159es 38,5 tis\u00edce smluv za v\u00edce ne\u017e 395 miliard korun.<\/p>\n","protected":false},"author":1,"featured_media":1858,"comment_status":"open","ping_status":"open","sticky":false,"template":"","format":"standard","meta":{"colormag_page_container_layout":"default_layout","colormag_page_sidebar_layout":"default_layout"},"categories":[58],"tags":[131,86,130,87,132],"_links":{"self":[{"href":"https:\/\/www.iforbes.cz\/index.php\/wp-json\/wp\/v2\/posts\/1857"}],"collection":[{"href":"https:\/\/www.iforbes.cz\/index.php\/wp-json\/wp\/v2\/posts"}],"about":[{"href":"https:\/\/www.iforbes.cz\/index.php\/wp-json\/wp\/v2\/types\/post"}],"author":[{"embeddable":true,"href":"https:\/\/www.iforbes.cz\/index.php\/wp-json\/wp\/v2\/users\/1"}],"replies":[{"embeddable":true,"href":"https:\/\/www.iforbes.cz\/index.php\/wp-json\/wp\/v2\/comments?post=1857"}],"version-history":[{"count":1,"href":"https:\/\/www.iforbes.cz\/index.php\/wp-json\/wp\/v2\/posts\/1857\/revisions"}],"predecessor-version":[{"id":1859,"href":"https:\/\/www.iforbes.cz\/index.php\/wp-json\/wp\/v2\/posts\/1857\/revisions\/1859"}],"wp:featuredmedia":[{"embeddable":true,"href":"https:\/\/www.iforbes.cz\/index.php\/wp-json\/wp\/v2\/media\/1858"}],"wp:attachment":[{"href":"https:\/\/www.iforbes.cz\/index.php\/wp-json\/wp\/v2\/media?parent=1857"}],"wp:term":[{"taxonomy":"category","embeddable":true,"href":"https:\/\/www.iforbes.cz\/index.php\/wp-json\/wp\/v2\/categories?post=1857"},{"taxonomy":"post_tag","embeddable":true,"href":"https:\/\/www.iforbes.cz\/index.php\/wp-json\/wp\/v2\/tags?post=1857"}],"curies":[{"name":"wp","href":"https:\/\/api.w.org\/{rel}","templated":true}]}}