{"id":1900,"date":"2025-01-16T10:42:13","date_gmt":"2025-01-16T10:42:13","guid":{"rendered":"https:\/\/www.iforbes.cz\/?p=1900"},"modified":"2025-01-16T10:42:14","modified_gmt":"2025-01-16T10:42:14","slug":"na-praze-2-brzy-zacne-revitalizace-parku-u-hradeb","status":"publish","type":"post","link":"https:\/\/www.iforbes.cz\/index.php\/2025\/01\/16\/na-praze-2-brzy-zacne-revitalizace-parku-u-hradeb\/","title":{"rendered":"Na Praze 2 brzy za\u010dne revitalizace parku U Hradeb"},"content":{"rendered":"\n<p><strong>Rada m\u011bstsk\u00e9 \u010d\u00e1sti Praha 2 na sv\u00e9m pond\u011bln\u00edm jedn\u00e1n\u00ed rozhodla o v\u00fdb\u011bru dodavatele na revitalizaci parku U Hradeb pod\u00e9l ulice Horsk\u00e1. V\u00edt\u011bzem podlimitn\u00ed ve\u0159ejn\u00e9 zak\u00e1zky se stalo <em>Sdru\u017een\u00ed Park U Hradeb<\/em>, kter\u00e9 tvo\u0159\u00ed vedouc\u00ed spole\u010dnosti SMP Construction a.s. a \u010dlen spole\u010dnosti Gardenline, s. r. o. s nab\u00eddkou 73,8 mil. korun v\u010detn\u011b DPH. Stavebn\u00ed pr\u00e1ce by m\u011bly b\u00fdt zah\u00e1jeny je\u0161t\u011b v&nbsp;pr\u016fb\u011bhu ledna 2025.<\/strong><\/p>\n\n\n\n<p><em>\u201ePark U Hradeb m\u00e1 jedine\u010dnou a\u017e t\u00e9m\u011b\u0159 rodinnou atmosf\u00e9ru a j\u00e1 pevn\u011b v\u011b\u0159\u00edm, \u017ee se ji poda\u0159\u00ed zachovat. Nov\u00fd multifunk\u010dn\u00ed prostor nab\u00eddne n\u00e1v\u0161t\u011bvn\u00edk\u016fm pestr\u00e9 sportovn\u00ed a kulturn\u00ed vy\u017eit\u00ed. Dojde zde k&nbsp;obnoven\u00ed venkovn\u00edho sportovi\u0161t\u011b i k&nbsp;o\u017eiven\u00ed samotn\u00e9 ku\u017eelk\u00e1\u0159sk\u00e9 tradice. Lid\u00e9 si zde budou moci nejen zasportovat, ale i posed\u011bt s&nbsp;kytarou u t\u00e1bor\u00e1ku, u\u017e\u00edt si oslavu s&nbsp;rodinou \u010di p\u0159\u00e1teli nebo si jen tak odpo\u010dinout,\u201c <\/em>\u0159\u00edk\u00e1 starosta Prahy 2 Jan Korseska.<\/p>\n\n\n\n<p>Revitalizace parku bude zahrnovat i v\u00fdstavbu nov\u00e9 ku\u017eelny s&nbsp;klubovnou a z\u00e1zem\u00edm pro sportovce. Ta by m\u011bla vyr\u016fst na p\u016fdorysu t\u00e9 st\u00e1vaj\u00edc\u00ed, kter\u00e1 je ve velmi \u0161patn\u00e9m stavebn\u011b-technick\u00e9m stavu. Prostory pro dal\u0161\u00ed volno\u010dasov\u00e9 aktivity jsou rozd\u011bleny do \u010dty\u0159 hlavn\u00edch \u00farovn\u00ed. V horn\u00ed \u010d\u00e1sti parku vznikne ve\u0159ejn\u00e1 zahrada pro spole\u010dn\u00e9 p\u011bstov\u00e1n\u00ed ovoce a zeleniny, na st\u0159e\u0161e ku\u017eelny pak odpo\u010dinkov\u00e1 plocha s&nbsp;vyhl\u00eddkou. Na \u00farovni samotn\u00e9 ku\u017eelny bude hlavn\u00ed terasa s&nbsp;ob\u010derstven\u00edm a navazuj\u00edc\u00ed pobytov\u00e9 schody slou\u017e\u00edc\u00ed jako p\u0159\u00edrodn\u00ed hledi\u0161t\u011b. V&nbsp;doln\u00ed \u010d\u00e1sti parku pak dojde k&nbsp;obnoven\u00ed sportovn\u00edho h\u0159i\u0161t\u011b a p\u0159ibyde h\u0159i\u0161t\u011b na p\u00e9tanque. Sou\u010d\u00e1st\u00ed revitalizace budou i ter\u00e9nn\u00ed pr\u00e1ce. Vzniknou zde nov\u00e9 cesty pro p\u011b\u0161\u00ed, bude vybudov\u00e1no schodi\u0161t\u011b a opravou projde i ze\u010f mezi parkem U Hradeb a parkem Ztracenka.<\/p>\n\n\n\n<p>P\u0159edpokl\u00e1dan\u00fd term\u00edn dokon\u010den\u00ed stavby je \u010dervenec 2026.<\/p>\n\n\n\n<p><em>Foto: M\u010cP2<\/em><\/p>\n","protected":false},"excerpt":{"rendered":"<p>Rada m\u011bstsk\u00e9 \u010d\u00e1sti Praha 2 na sv\u00e9m pond\u011bln\u00edm jedn\u00e1n\u00ed rozhodla o v\u00fdb\u011bru dodavatele na revitalizaci parku U Hradeb pod\u00e9l ulice<\/p>\n","protected":false},"author":1,"featured_media":1901,"comment_status":"open","ping_status":"open","sticky":false,"template":"","format":"standard","meta":{"colormag_page_container_layout":"default_layout","colormag_page_sidebar_layout":"default_layout"},"categories":[53],"tags":[151,176,150,177,175],"_links":{"self":[{"href":"https:\/\/www.iforbes.cz\/index.php\/wp-json\/wp\/v2\/posts\/1900"}],"collection":[{"href":"https:\/\/www.iforbes.cz\/index.php\/wp-json\/wp\/v2\/posts"}],"about":[{"href":"https:\/\/www.iforbes.cz\/index.php\/wp-json\/wp\/v2\/types\/post"}],"author":[{"embeddable":true,"href":"https:\/\/www.iforbes.cz\/index.php\/wp-json\/wp\/v2\/users\/1"}],"replies":[{"embeddable":true,"href":"https:\/\/www.iforbes.cz\/index.php\/wp-json\/wp\/v2\/comments?post=1900"}],"version-history":[{"count":1,"href":"https:\/\/www.iforbes.cz\/index.php\/wp-json\/wp\/v2\/posts\/1900\/revisions"}],"predecessor-version":[{"id":1902,"href":"https:\/\/www.iforbes.cz\/index.php\/wp-json\/wp\/v2\/posts\/1900\/revisions\/1902"}],"wp:featuredmedia":[{"embeddable":true,"href":"https:\/\/www.iforbes.cz\/index.php\/wp-json\/wp\/v2\/media\/1901"}],"wp:attachment":[{"href":"https:\/\/www.iforbes.cz\/index.php\/wp-json\/wp\/v2\/media?parent=1900"}],"wp:term":[{"taxonomy":"category","embeddable":true,"href":"https:\/\/www.iforbes.cz\/index.php\/wp-json\/wp\/v2\/categories?post=1900"},{"taxonomy":"post_tag","embeddable":true,"href":"https:\/\/www.iforbes.cz\/index.php\/wp-json\/wp\/v2\/tags?post=1900"}],"curies":[{"name":"wp","href":"https:\/\/api.w.org\/{rel}","templated":true}]}}