{"id":1903,"date":"2025-01-21T10:51:58","date_gmt":"2025-01-21T10:51:58","guid":{"rendered":"https:\/\/www.iforbes.cz\/?p=1903"},"modified":"2025-01-21T10:52:00","modified_gmt":"2025-01-21T10:52:00","slug":"tym-rowan-legal-posilil-pavel-tesarik","status":"publish","type":"post","link":"https:\/\/www.iforbes.cz\/index.php\/2025\/01\/21\/tym-rowan-legal-posilil-pavel-tesarik\/","title":{"rendered":"T\u00fdm ROWAN LEGAL pos\u00edlil Pavel Tesa\u0159\u00edk"},"content":{"rendered":"\n<p><strong>S&nbsp;po\u010d\u00e1tkem nov\u00e9ho roku do ROWAN LEGAL p\u0159ich\u00e1z\u00ed seniorn\u00ed advok\u00e1t Pavel Tesa\u0159\u00edk, odborn\u00edk specializuj\u00edc\u00ed se na oblast M&amp;A a insolvenc\u00ed.<\/strong><\/p>\n\n\n\n<p>Mgr. Pavel Tesa\u0159\u00edk je advok\u00e1tem disponuj\u00edc\u00edm rozs\u00e1hl\u00fdmi zku\u0161enostmi v&nbsp;oblasti f\u00faz\u00ed, akvizic, korpor\u00e1tn\u00edho pr\u00e1va, insolvenc\u00ed a restrukturalizac\u00ed. Jeho profesn\u00ed praxe zahrnuje poskytov\u00e1n\u00ed pr\u00e1vn\u00edch slu\u017eeb v cel\u00e9 \u0159ad\u011b slo\u017eit\u00fdch lok\u00e1ln\u00edch i zahrani\u010dn\u00edch transakc\u00ed zejm\u00e9na v odv\u011btv\u00ed pr\u016fmyslu, dopravy, telekomunikac\u00ed a IT a insolven\u010dn\u00edch p\u0159\u00edpad\u016f v \u010cesk\u00e9 republice, v\u010detn\u011b zastupov\u00e1n\u00ed klient\u016f v p\u0159edinsolven\u010dn\u00ed f\u00e1zi a ve v\u011b\u0159itelsk\u00fdch org\u00e1nech. Jeho pr\u00e1ce pro klienty zahrnovala nejen strategick\u00e9 poradenstv\u00ed, ale i aktivn\u00ed \u00fa\u010dast na restrukturalizac\u00edch a \u0159e\u0161en\u00ed \u00fapadkov\u00fdch situac\u00ed dlu\u017en\u00edk\u016f.<\/p>\n\n\n\n<p>\u201e<em>T\u011b\u0161\u00edm se na pracovn\u00ed p\u0159\u00edle\u017eitost v t\u00e9to p\u0159edn\u00ed \u010desk\u00e9 advok\u00e1tn\u00ed kancel\u00e1\u0159i pln\u00e9 \u0161pi\u010dkov\u00fdch pr\u00e1vn\u00edk\u016f. V\u011b\u0159\u00edm, \u017ee m\u00e9 zku\u0161enosti a dovednosti p\u0159isp\u011bj\u00ed k dal\u0161\u00edm \u00fasp\u011bch\u016fm kancel\u00e1\u0159e a pos\u00edlen\u00ed jej\u00ed pozice na trhu<\/em>\u201c, uvedl Pavel Tesa\u0159\u00edk.&nbsp;<\/p>\n\n\n\n<div class=\"wp-block-image\"><figure class=\"aligncenter\"><img src=\"https:\/\/www.muzivcesku.cz\/wp-content\/uploads\/2025\/01\/rl_pavel_tesarik-1-1024x1024.jpg\" alt=\"\" class=\"wp-image-63518\"\/><\/figure><\/div>\n\n\n\n<p><em>\u201eJsme r\u00e1di, \u017ee do na\u0161eho dynamicky rostouc\u00edho t\u00fdmu pro oblast f\u00faz\u00ed, akvizic a korpor\u00e1tn\u00edho pr\u00e1va uv\u00edt\u00e1me zku\u0161en\u00e9ho kolegu s p\u0159esahem do oblasti insolven\u010dn\u00edho pr\u00e1va, kter\u00e9 za st\u00e1vaj\u00edc\u00ed ekonomick\u00e9 situace bude hr\u00e1t st\u00e1le d\u016fle\u017eit\u011bj\u0161\u00ed roli\u201c,<\/em> doplnil Jan Frey, partner ROWAN LEGAL.&nbsp;<\/p>\n\n\n\n<p>Pavel Tesa\u0159\u00edk je absolventem Pr\u00e1vnick\u00e9 fakulty Univerzity Karlovy. B\u011bhem studia absolvoval program University of Cambridge zam\u011b\u0159en\u00fd na anglick\u00e9 pr\u00e1vo a pr\u00e1vo EU, a tak\u00e9 se z\u00fa\u010dastnil studijn\u00edch pobyt\u016f na univerzit\u00e1ch v\u202fN\u011bmecku a Norsku.&nbsp;<\/p>\n\n\n\n<p><em>Foto: ROWAN LEGAL&nbsp;<\/em><\/p>\n","protected":false},"excerpt":{"rendered":"<p>S&nbsp;po\u010d\u00e1tkem nov\u00e9ho roku do ROWAN LEGAL p\u0159ich\u00e1z\u00ed seniorn\u00ed advok\u00e1t Pavel Tesa\u0159\u00edk, odborn\u00edk specializuj\u00edc\u00ed se na oblast M&amp;A a insolvenc\u00ed. Mgr.<\/p>\n","protected":false},"author":1,"featured_media":1904,"comment_status":"open","ping_status":"open","sticky":false,"template":"","format":"standard","meta":{"colormag_page_container_layout":"default_layout","colormag_page_sidebar_layout":"default_layout"},"categories":[58],"tags":[178,179,182,181,180,98],"_links":{"self":[{"href":"https:\/\/www.iforbes.cz\/index.php\/wp-json\/wp\/v2\/posts\/1903"}],"collection":[{"href":"https:\/\/www.iforbes.cz\/index.php\/wp-json\/wp\/v2\/posts"}],"about":[{"href":"https:\/\/www.iforbes.cz\/index.php\/wp-json\/wp\/v2\/types\/post"}],"author":[{"embeddable":true,"href":"https:\/\/www.iforbes.cz\/index.php\/wp-json\/wp\/v2\/users\/1"}],"replies":[{"embeddable":true,"href":"https:\/\/www.iforbes.cz\/index.php\/wp-json\/wp\/v2\/comments?post=1903"}],"version-history":[{"count":1,"href":"https:\/\/www.iforbes.cz\/index.php\/wp-json\/wp\/v2\/posts\/1903\/revisions"}],"predecessor-version":[{"id":1905,"href":"https:\/\/www.iforbes.cz\/index.php\/wp-json\/wp\/v2\/posts\/1903\/revisions\/1905"}],"wp:featuredmedia":[{"embeddable":true,"href":"https:\/\/www.iforbes.cz\/index.php\/wp-json\/wp\/v2\/media\/1904"}],"wp:attachment":[{"href":"https:\/\/www.iforbes.cz\/index.php\/wp-json\/wp\/v2\/media?parent=1903"}],"wp:term":[{"taxonomy":"category","embeddable":true,"href":"https:\/\/www.iforbes.cz\/index.php\/wp-json\/wp\/v2\/categories?post=1903"},{"taxonomy":"post_tag","embeddable":true,"href":"https:\/\/www.iforbes.cz\/index.php\/wp-json\/wp\/v2\/tags?post=1903"}],"curies":[{"name":"wp","href":"https:\/\/api.w.org\/{rel}","templated":true}]}}