{"id":1906,"date":"2025-01-27T14:27:04","date_gmt":"2025-01-27T14:27:04","guid":{"rendered":"https:\/\/www.iforbes.cz\/?p=1906"},"modified":"2025-01-27T14:27:05","modified_gmt":"2025-01-27T14:27:05","slug":"vyuku-s-lesnimi-pedagogy-vojenskych-lesu-a-statku-zazilo-loni-12-tisic-deti","status":"publish","type":"post","link":"https:\/\/www.iforbes.cz\/index.php\/2025\/01\/27\/vyuku-s-lesnimi-pedagogy-vojenskych-lesu-a-statku-zazilo-loni-12-tisic-deti\/","title":{"rendered":"V\u00fduku s lesn\u00edmi pedagogy Vojensk\u00fdch les\u016f a statk\u016f za\u017eilo loni 12 tis\u00edc d\u011bt\u00ed"},"content":{"rendered":"\n<p><strong>Bezm\u00e1la 12 tis\u00edc d\u011bt\u00ed za\u017eilo v&nbsp;minul\u00e9m roce netradi\u010dn\u00ed v\u00fduku, m\u00edsto matematiky nebo \u010de\u0161tiny je \u010dekala nauka o lese v lese. Vojensk\u00e9 lesy a statky, s. p. (VLS) u\u017e od roku 2015 systematicky pracuj\u00ed s&nbsp;d\u011btmi a ve\u0159ejnost\u00ed. <em>\u201eA z\u00e1jem o lesn\u00ed pedagogiku VLS neust\u00e1le stoup\u00e1,\u201c<\/em> potvrzuje lesn\u00ed pedagog Jan Kobr z&nbsp;divize VLS Mimo\u0148.<\/strong><\/p>\n\n\n\n<p>\u0160kola hrou, p\u0159esn\u011b podle pravidla J. A. Komensk\u00e9ho se sna\u017e\u00ed lesn\u00ed pedagogov\u00e9 z&nbsp;Vojensk\u00fdch les\u016f a statk\u016f p\u0159ibl\u00ed\u017eit p\u0159edev\u0161\u00edm d\u011btem, ale i star\u0161\u00edm, jak funguje lesn\u00ed ekosyst\u00e9m, jak se hospoda\u0159\u00ed \u010di co les lidem p\u0159in\u00e1\u0161\u00ed. <em>\u201eZ\u00e1jem o lesn\u00ed pedagogiku VLS neust\u00e1le stoup\u00e1. Nej\u010dast\u011bji jsou na\u0161imi \u201eklienty\u201c \u017e\u00e1ci prvn\u00edho stupn\u011b z\u00e1kladn\u00edch \u0161kol, d\u00e1le mate\u0159sk\u00e9 \u0161koly a pak druh\u00fd stupe\u0148 Z\u0160. Spolupracujeme tak\u00e9 se speci\u00e1ln\u00edmi \u0161kolami, z\u00e1jmov\u00fdmi sdru\u017een\u00edmi a domovy senior\u016f,\u201c<\/em> p\u0159ibl\u00ed\u017eil Jan Kobr z&nbsp;VLS.<\/p>\n\n\n\n<p>Jen v&nbsp;minul\u00e9m roce, kdy\u017e se budou po\u010d\u00edtat n\u011bkolikahodinov\u00e9 programy p\u0159\u00edmo v&nbsp;lese \u010di p\u0159\u00edpadn\u011b ve \u0161koln\u00edch t\u0159\u00edd\u00e1ch, nav\u0161t\u00edvili lesn\u00ed pedagogov\u00e9 VLS t\u00e9m\u011b\u0159 12 tis\u00edc d\u011bt\u00ed. <em>\u201eKdy\u017e k&nbsp;tomu p\u0159ipo\u010d\u00edt\u00e1me i hromadn\u00e9 akce (co\u017e je sp\u00ed\u0161e uk\u00e1zka lesn\u00ed pedagogiky a pozv\u00e1nka do lesa), kde se v\u011bt\u0161inou n\u00e1v\u0161t\u011bvnost odhaduje, tak se celkov\u011b pohybujeme kolem 42 000 osob. Tato \u010d\u00edsla, s&nbsp;v\u00fdjimkou doby covidov\u00e9 neust\u00e1le rostou. Pro p\u0159edstavu, v&nbsp;roce 2015, kdy jsme se aktivit\u00e1m lesn\u00ed pedagogiky za\u010dali systematicky v\u011bnovat, na\u0161i pedagogov\u00e9 provedli lesem zhruba 3 000 d\u011bt\u00ed,\u201c<\/em> uvedl Jan Kobr.<\/p>\n\n\n\n<p><strong>Z\u00e1jem je p\u0159edev\u0161\u00edm o v\u00fduku v&nbsp;lese<\/strong><\/p>\n\n\n\n<p>Aktivity lesn\u00ed pedagogiky prob\u00edhaj\u00ed jak ve t\u0159\u00edd\u00e1ch, tak i venku. <em>\u201ePrioritn\u011b se v\u0161ak sna\u017e\u00edme o v\u00fduku venku v&nbsp;lese. Jen v&nbsp;zimn\u00edm obdob\u00ed nebo pokud po\u010das\u00ed nedovol\u00ed (siln\u00e9 de\u0161t\u011b, v\u00edtr), vol\u00edme vnit\u0159n\u00ed variantu. Nic si d\u011bti nezapamatuj\u00ed l\u00e9pe ne\u017e to, co maj\u00ed spojeno se z\u00e1\u017eitkem,\u201c<\/em> popsal mluv\u010d\u00ed Vojensk\u00fdch les\u016f a statk\u016f Petr Toman. S&nbsp;t\u00edm souhlas\u00ed i lesn\u00ed pedagog Jan Kobr. <em>\u201eM\u016f\u017eeme d\u011btem vypr\u00e1v\u011bt, jak roste les, co v\u0161echno proto lesn\u00edk mus\u00ed ud\u011blat, ale kdy\u017e si to samy pomoc\u00ed hry vyzkou\u0161\u00ed, a nav\u00edc n\u011bkde v lese, kde vn\u00edmaj\u00ed i v\u016fn\u011b, zvuky, mohou si na stromy \u010di jehli\u010d\u00ed s\u00e1hnout, je to ur\u010dit\u011b nejlep\u0161\u00ed forma u\u010den\u00ed,\u201c<\/em> vysv\u011btluje Jan Kobr z&nbsp;divize VLS Mimo\u0148.<\/p>\n\n\n\n<p>Nejv\u00edce d\u011bti bav\u00ed t\u00e9mata spojen\u00e1 s&nbsp;lesn\u00ed zv\u011b\u0159\u00ed. Pat\u0159\u00ed mezi n\u011b pozorov\u00e1n\u00ed dalekohledem, stopov\u00e1n\u00ed \u010di zaj\u00edmavosti o \u017eivot\u011b zv\u011b\u0159e. Obl\u00edben\u00e9 jsou i oby\u010dejn\u00e9 n\u00e1stroje lesn\u00edka, jako pr\u016fm\u011brka, p\u00e1smo nebo tabulky. \u201eV\u017edy z\u00e1le\u017e\u00ed na konkr\u00e9tn\u00edm lesn\u00edm pedagogovi, m\u00edstu, kde se pohybuje, pom\u016fck\u00e1ch, kter\u00e9 pou\u017e\u00edv\u00e1. Pokud se s&nbsp;n\u00e1mi d\u011bti vracej\u00ed unaven\u00e9 a \u0161pinav\u00e9, jsou v\u011bt\u0161inou nejspokojen\u011bj\u0161\u00ed. Jejich u\u010ditelky u\u017e m\u00e9n\u011b,\u201c uv\u00e1d\u00ed Jan Kobr s \u00fasm\u011bvem.<\/p>\n\n\n\n<p>Podle n\u011bj je dne\u0161n\u00edm trendem vy\u0161\u0161\u00ed z\u00e1jem u p\u0159ed\u0161kol\u00e1k\u016f a tak\u00e9 v\u011bt\u0161\u00ed znalosti ekologie ne\u017e v&nbsp;minul\u00fdch letech. Velk\u00fd z\u00e1jem a zaujet\u00ed vydr\u017e\u00ed po celou p\u0159edn\u00e1\u0161ku, a to i p\u0159esto, \u017ee pedagogov\u00e9 modern\u00ed technologie skoro nepou\u017e\u00edvaj\u00ed. <em>\u201eObecn\u011b mohu \u0159\u00edct, \u017ee drtiv\u00e1 v\u011bt\u0161ina na\u0161ich venkovn\u00edch aktivit s&nbsp;pou\u017eit\u00edm mobilu nepo\u010d\u00edt\u00e1. Mobil ob\u010das vyu\u017e\u00edv\u00e1me p\u0159i pou\u0161t\u011bn\u00ed zvuk\u016f zv\u011b\u0159e nebo pt\u00e1k\u016f. P\u0159i n\u011bkter\u00fdch akc\u00edch vyu\u017e\u00edv\u00e1me aplikaci VLS AR nebo dal\u0161\u00ed pom\u016fcky s&nbsp;QR k\u00f3dy,\u201c<\/em> dodal na z\u00e1v\u011br Jan Kobr s&nbsp;t\u00edm, \u017ee by r\u00e1d v&nbsp;leto\u0161n\u00edm roce prohloubil spolupr\u00e1ci s&nbsp;Arm\u00e1dou \u010cesk\u00e9 republiky s&nbsp;projektem P\u0159\u00edprava ob\u010dan\u016f k&nbsp;obran\u011b st\u00e1tu (POKOS).<\/p>\n\n\n\n<p><em>Foto: VLS<\/em><\/p>\n","protected":false},"excerpt":{"rendered":"<p>Bezm\u00e1la 12 tis\u00edc d\u011bt\u00ed za\u017eilo v&nbsp;minul\u00e9m roce netradi\u010dn\u00ed v\u00fduku, m\u00edsto matematiky nebo \u010de\u0161tiny je \u010dekala nauka o lese v lese.<\/p>\n","protected":false},"author":1,"featured_media":1907,"comment_status":"open","ping_status":"open","sticky":false,"template":"","format":"standard","meta":{"colormag_page_container_layout":"default_layout","colormag_page_sidebar_layout":"default_layout"},"categories":[53],"tags":[185,186,183,184,158],"_links":{"self":[{"href":"https:\/\/www.iforbes.cz\/index.php\/wp-json\/wp\/v2\/posts\/1906"}],"collection":[{"href":"https:\/\/www.iforbes.cz\/index.php\/wp-json\/wp\/v2\/posts"}],"about":[{"href":"https:\/\/www.iforbes.cz\/index.php\/wp-json\/wp\/v2\/types\/post"}],"author":[{"embeddable":true,"href":"https:\/\/www.iforbes.cz\/index.php\/wp-json\/wp\/v2\/users\/1"}],"replies":[{"embeddable":true,"href":"https:\/\/www.iforbes.cz\/index.php\/wp-json\/wp\/v2\/comments?post=1906"}],"version-history":[{"count":1,"href":"https:\/\/www.iforbes.cz\/index.php\/wp-json\/wp\/v2\/posts\/1906\/revisions"}],"predecessor-version":[{"id":1908,"href":"https:\/\/www.iforbes.cz\/index.php\/wp-json\/wp\/v2\/posts\/1906\/revisions\/1908"}],"wp:featuredmedia":[{"embeddable":true,"href":"https:\/\/www.iforbes.cz\/index.php\/wp-json\/wp\/v2\/media\/1907"}],"wp:attachment":[{"href":"https:\/\/www.iforbes.cz\/index.php\/wp-json\/wp\/v2\/media?parent=1906"}],"wp:term":[{"taxonomy":"category","embeddable":true,"href":"https:\/\/www.iforbes.cz\/index.php\/wp-json\/wp\/v2\/categories?post=1906"},{"taxonomy":"post_tag","embeddable":true,"href":"https:\/\/www.iforbes.cz\/index.php\/wp-json\/wp\/v2\/tags?post=1906"}],"curies":[{"name":"wp","href":"https:\/\/api.w.org\/{rel}","templated":true}]}}