{"id":1912,"date":"2025-02-03T14:30:05","date_gmt":"2025-02-03T14:30:05","guid":{"rendered":"https:\/\/www.iforbes.cz\/?p=1912"},"modified":"2025-02-03T14:30:06","modified_gmt":"2025-02-03T14:30:06","slug":"jiri-hynek-v-podcastu-slepa-spravedlnost-promluvil-o-kariere-i-odchodu-z-ceske-televize","status":"publish","type":"post","link":"https:\/\/www.iforbes.cz\/index.php\/2025\/02\/03\/jiri-hynek-v-podcastu-slepa-spravedlnost-promluvil-o-kariere-i-odchodu-z-ceske-televize\/","title":{"rendered":"Ji\u0159\u00ed Hynek v podcastu Slep\u00e1 spravedlnost promluvil o kari\u00e9\u0159e i odchodu z \u010cesk\u00e9 televize"},"content":{"rendered":"\n<p><strong>Ji\u0159\u00ed Hynek dlouh\u00e1 l\u00e9ta pat\u0159il mezi nejv\u00fdrazn\u011bj\u0161\u00ed report\u00e9ry \u010cesk\u00e9 televize. Zhruba v polovin\u011b lo\u0148sk\u00e9ho roku v\u0161ak z televizn\u00edch obrazovek ode\u0161el po na\u0159\u010den\u00ed ze st\u0159etu z\u00e1jm\u016f a nyn\u00ed se vrac\u00ed s projektem Odkryto.cz. V nov\u00e9m d\u00edle podcastu <\/strong><a href=\"https:\/\/www.slepaspravedlnost.cz\/\" target=\"_blank\" rel=\"noreferrer noopener\"><strong>Slep\u00e1 spravedlnost<\/strong><\/a><strong> otev\u0159en\u011b hovo\u0159\u00ed o fale\u0161n\u00fdch obvin\u011bn\u00edch, v\u00fdhr\u016f\u017ek\u00e1ch smrt\u00ed a zmrza\u010den\u00edm, kter\u00fdm \u010delil b\u011bhem sv\u00e9 kari\u00e9ry. Ani to ho ale neodradilo od dal\u0161\u00ed pr\u00e1ce a i nad\u00e1le se chce v\u011bnovat dv\u011bma t\u00e9mat\u016fm, kter\u00e1 d\u016fv\u011brn\u011b zn\u00e1 \u2013 kauze Radovana Krej\u010d\u00ed\u0159e a rozkr\u00fdv\u00e1n\u00ed rusk\u00e9ho vlivu v \u010cesk\u00e9 republice.<\/strong><\/p>\n\n\n\n<p>Hynek se b\u011bhem sv\u00e9ho p\u016fsoben\u00ed v \u010cesk\u00e9 televizi zapsal do ve\u0159ejn\u00e9ho pov\u011bdom\u00ed jako report\u00e9r, kter\u00fd m\u011bl na starosti mapov\u00e1n\u00ed p\u0159\u00edpadu kontroverzn\u00edho \u010desk\u00e9ho podnikatele Radovana Krej\u010d\u00ed\u0159e. Udr\u017eoval s n\u00edm kontakty i po jeho \u00fat\u011bku z \u010ceska a dopodrobna popsal, jak Krej\u010d\u00ed\u0159 budoval sv\u00e9 zlo\u010dineck\u00e9 imp\u00e9rium nejprve na Seychel\u00e1ch a pozd\u011bji v Jihoafrick\u00e9 republice. Naprosto kl\u00ed\u010dovou Krej\u010d\u00ed\u0159ovou strategi\u00ed bylo propojen\u00ed zlo\u010din\u016f b\u00edl\u00fdch l\u00edme\u010dk\u016f s pouli\u010dn\u00edm zlo\u010dinem, co\u017e je praxe, kterou si osvojil u\u017e v tuzemsku. Jeho p\u00e1d nakonec p\u0159ivodila zrada lid\u00ed z jeho nejbli\u017e\u0161\u00edho okol\u00ed a medializace cel\u00e9 kauzy.<\/p>\n\n\n\n<p><strong>Za Krej\u010d\u00ed\u0159em do Afriky<\/strong><\/p>\n\n\n\n<p><em>\u201ePoprv\u00e9 jsem za n\u00edm byl na Seychel\u00e1ch, kdy\u017e uprchl, to bylo asi p\u016fl roku pot\u00e9, co zmizel z \u010cech. Tam byl napjat\u00fd, v podstat\u011b v\u0161echny podez\u0159\u00edval, \u017ee je vyslala \u010desk\u00e1 tajn\u00e1 slu\u017eba. To bylo velmi nep\u0159\u00edjemn\u00e9, proto\u017ee m\u011bl kolem sebe bodyguardy,\u201c vzpom\u00edn\u00e1 Ji\u0159\u00ed Hynek na prvn\u00ed setk\u00e1n\u00ed s Krej\u010d\u00ed\u0159em. \u201eNau\u010dil ty m\u00edstn\u00ed lidi, \u017ee pokud cht\u011bj\u00ed m\u00edt n\u011bjak\u00e9 kryt\u00ed, mus\u00ed m\u00edt konexe i s t\u011bmi b\u00edl\u00fdmi l\u00edme\u010dky. Propojil zlo\u010din b\u00edl\u00fdch l\u00edme\u010dk\u016f a pouli\u010dn\u00ed zlo\u010din a dal jim do toho takov\u00e9 to \u010desk\u00e9 know-how,\u201c<\/em> dod\u00e1v\u00e1 k tomu, jakou taktiku boss vyu\u017e\u00edval v Africe.<\/p>\n\n\n\n<p>V nov\u00e9m d\u00edlu podcastu Slep\u00e1 spravedlnost Ji\u0159\u00ed Hynek tak\u00e9 hovo\u0159\u00ed o Krej\u010d\u00ed\u0159ov\u011b paranoii a praktick\u00fdch p\u0159ek\u00e1\u017ek\u00e1ch nat\u00e1\u010den\u00ed osobn\u00edho rozhovoru s n\u00edm. <em>\u201eNap\u0159\u00edklad v Ji\u017en\u00ed Africe, kdy\u017e \u010dlov\u011bk p\u0159ijel, tak to nebylo tak, \u017ee by n\u00e1s \u010dekal na leti\u0161ti, ale musel ho \u010dlov\u011bk n\u011bjak naj\u00edt. A \u00fapln\u011b se to t\u0159eba nehned da\u0159ilo a ta cesta nebyla \u00fapln\u011b levn\u00e1, tak\u017ee z televize mi volali, kdy u\u017e bude rozhovor s Krej\u010d\u00ed\u0159em. On m\u011bnil ty sch\u016fzky, jednou cht\u011bl se sej\u00edt n\u011bkde v noci na parkovi\u0161ti, pak u n\u011bj doma, kde byl obklopen\u00fd ochrankou s brokovnicemi,\u201c<\/em> popisuje.<\/p>\n\n\n\n<p>Radovan Krej\u010d\u00ed\u0159 si moment\u00e1ln\u011b v Jihoafrick\u00e9 republice odpyk\u00e1v\u00e1 p\u011btat\u0159icetilet\u00fd trest odn\u011bt\u00ed svobody a vytrvale usiluje o n\u00e1vrat do \u010cesk\u00e9 republiky. K neochot\u011b \u010desk\u00e9ho st\u00e1tu o jeho op\u011btovn\u00e9 p\u0159ijet\u00ed Hynek dod\u00e1v\u00e1, \u017ee cel\u00e1 z\u00e1le\u017eitost moment\u00e1ln\u011b stoj\u00ed pouze na podpisu ministra spravedlnosti, kter\u00fd v\u0161ak ji\u017e v\u00edce ne\u017e p\u011bt let nep\u0159ich\u00e1z\u00ed. Ji\u0159\u00ed Hynek m\u00e1 nicm\u00e9n\u011b i po sv\u00e9m odchodu z \u010cesk\u00e9 televize o kauzu profesn\u00ed z\u00e1jem a hodl\u00e1 se j\u00ed v\u011bnovat i prost\u0159ednictv\u00edm sv\u00e9ho nov\u011b zalo\u017een\u00e9ho investigativn\u00edho port\u00e1lu Odkryto.cz.<\/p>\n\n\n\n<p><strong>Poplach v IKEMu<\/strong><\/p>\n\n\n\n<p>Projekt Odkryto.cz je vlastn\u011b vyvrcholen\u00edm s\u00e9rie ud\u00e1lost\u00ed, v jejich\u017e d\u016fsledku Ji\u0159\u00ed Hynek loni opustil \u010ceskou televizi. Jeho odchod prov\u00e1zela na\u0159\u010den\u00ed ze st\u0159etu z\u00e1jm\u016f, nap\u0159\u00edklad s n\u011bkdej\u0161\u00edm \u0161\u00e9fem \u00daOOZ R\u00f3bertem \u0160lachtou nebo n\u00e1m\u011bstkem \u0159editele IKEM Ji\u0159\u00edm Mal\u00fdm. Pr\u00e1v\u011b kauza IKEM se v&nbsp;m\u00e9di\u00edch rozeb\u00edrala asi nejv\u00edce. Na ve\u0159ejnosti se v jej\u00edm pr\u016fb\u011bhu za\u010daly objevovat \u00fadajn\u00e9 p\u0159episy komunikace mezi Hynkem a profesorem Mal\u00fdm z aplikace Signal, co\u017e s\u00e1m novin\u00e1\u0159 pova\u017euje za vytr\u017een\u00ed z kontextu. Mal\u00e9ho p\u016fvodn\u011b kontaktoval kv\u016fli tomu, aby z\u00edskal informace o vlivu rusk\u00fdch z\u00e1jmov\u00fdch skupin na d\u011bn\u00ed v IKEM.<\/p>\n\n\n\n<p><em>\u201eS doktorem Mal\u00fdm jsem se bavil v podstat\u011b z toho titulu, \u017ee jsem ho n\u011bkde potkal a byl to profesor z IKEM. V t\u00e9 dob\u011b mn\u011b to zapadlo do m\u00fdch kauz, kdy jsem pracoval na rusk\u00e9m vlivu a prov\u011b\u0159oval jsem informaci o tom, \u017ee jeden z lid\u00ed z IKEMu l\u00e9t\u00e1 priv\u00e1tn\u00edm letadlem za pomoc\u00ed FSB do Ruska,\u201c<\/em> vysv\u011btluje Hynek. Soukol\u00ed se nicm\u00e9n\u011b ji\u017e rozt\u00e1\u010delo, a a\u010dkoliv se etick\u00e1 komise \u010cesk\u00e9 televize p\u016fvodn\u011b odm\u00edtla p\u0159\u00edpadem zab\u00fdvat, byla n\u00e1sledn\u011b pod tlakem sestavena nov\u00e1, kter\u00e1 ji\u017e Hynk\u016fv postup ozna\u010dila za st\u0159et z\u00e1jm\u016f. <em>\u201eKdy\u017e se t\u00edm zab\u00fdvala, tak mn\u011b to p\u0159i\u0161lo sm\u011b\u0161n\u00e9, proto\u017ee ani nev\u00edm, \u010d\u00edm se zab\u00fdvala, n\u011bjak\u00fdmi \u00fatr\u017eky komunikace, kter\u00e1 byla podle m\u011b vytr\u017een\u00e1 z kontextu,\u201c<\/em> hodnot\u00ed novin\u00e1\u0159.<\/p>\n\n\n<p><iframe loading=\"lazy\" title=\"Ji\u0159\u00ed Hynek \u2013 Zpov\u00eddal Krej\u010d\u00ed\u0159e v Africe \u2013 st\u00e1ly unikl\u00e9 odposlechy za jeho koncem v\u00a0\u010cesk\u00e9\u00a0televizi?\" width=\"800\" height=\"450\" src=\"https:\/\/www.youtube.com\/embed\/kWLt1ptYC6U?feature=oembed\" frameborder=\"0\" allow=\"accelerometer; autoplay; clipboard-write; encrypted-media; gyroscope; picture-in-picture; web-share\" referrerpolicy=\"strict-origin-when-cross-origin\" allowfullscreen><\/iframe><\/p>\n\n\n\n<p>Podle Hynka kauza IKEM vedla k v\u00fdrazn\u00e9mu tlaku na jeho osobu, a to ze strany n\u011bkter\u00fdch vlivn\u00fdch skupin a jednotlivc\u016f. S\u00e1m zp\u011btn\u011b pova\u017euje tyto ud\u00e1losti za zp\u016fsob, jak ho v o\u010d\u00edch ve\u0159ejnosti diskreditovat. Hynek tak\u00e9 \u010delil v\u00fdhr\u016f\u017ek\u00e1m fyzick\u00e9ho n\u00e1sil\u00ed a setkal se i se situacemi, kdy na n\u011bj byly pod\u00e1v\u00e1ny smy\u0161len\u00e9 podn\u011bty k r\u016fzn\u00fdm \u00fa\u0159ad\u016fm. Jde nicm\u00e9n\u011b o n\u011bco, s \u010d\u00edm se jako\u017eto investigativn\u00ed novin\u00e1\u0159 setk\u00e1val b\u011bhem cel\u00e9 sv\u00e9 kari\u00e9ry, zejm\u00e9na kdy\u017e se v\u011bnoval rozkr\u00fdv\u00e1n\u00ed vlivu rusk\u00fdch z\u00e1jmov\u00fdch skupin v \u010cesk\u00e9 republice i Evrop\u011b.<\/p>\n\n\n\n<p><em>\u201eKdy\u017e jsem nat\u00e1\u010del o tom, \u017ee se do \u010ceska dov\u00e1\u017eej\u00ed fale\u0161n\u00e1 hnojiva z Ruska, kter\u00e1 vypadala jako origin\u00e1ln\u00ed americk\u00e9 v\u00fdrobky, tehdy mi za\u010dali ps\u00e1t z nezn\u00e1m\u00fdch \u010d\u00edsel n\u011bjac\u00ed lid\u00e9, kte\u0159\u00ed mi vyhro\u017eovali, \u017ee pokud v tom budu pokra\u010dovat, zl\u00e1mou mi ruce, nohy a tak d\u00e1le. J\u00e1 jsem si \u0159\u00edkal, \u017ee to jsou n\u011bjac\u00ed bl\u00e1zni. Nicm\u00e9n\u011b dal jsem to pro\u0161et\u0159it policii, kter\u00e1 to za\u010dala br\u00e1t v\u00e1\u017en\u011b a odposlouch\u00e1vala ty lidi. Jednoho dne za mnou policie p\u0159ijela do pr\u00e1ce a \u0159ekli mi: \u2018Mus\u00edte s n\u00e1mi jet, proto\u017ee oni jedou na v\u00e1s.\u2019 A dr\u017eeli m\u011b v n\u011bjak\u00e9m za\u0159\u00edzen\u00ed policejn\u00ed vazby, ne\u017e ty lidi pochytali,\u201c<\/em> vzpom\u00edn\u00e1.<\/p>\n\n\n\n<p><strong>Jak na pr\u00e1ci se zdroji?<\/strong><\/p>\n\n\n\n<p>Ani po v\u0161ech t\u011bchto peripeti\u00edch Ji\u0159\u00ed Hynek na investigativn\u00ed \u017eurnalistiku nezanev\u0159el. Jeho bohat\u00e9 profesn\u00ed zku\u0161enosti jej nicm\u00e9n\u011b dovedly k tomu, \u017ee n\u011bkter\u00e9 sv\u00e9 z\u00e1sady do ur\u010dit\u00e9 m\u00edry p\u0159ehodnotil. I vzhledem k osobn\u00edm negativn\u00edm zku\u0161enostem se ke zve\u0159ej\u0148ov\u00e1n\u00ed informac\u00ed od zdroj\u016f stav\u00ed tak, \u017ee zkoum\u00e1, zda na jejich publikaci p\u0159eva\u017euje ve\u0159ejn\u00fd z\u00e1jem nad ochranou soukrom\u00ed. Jde op\u011bt o reminiscenci kontroverze, kdy se musel pot\u00fdkat s n\u00e1lepkou \u201e\u0160lachtova novin\u00e1\u0159e\u201c. S\u00e1m ale uzn\u00e1v\u00e1, \u017ee \u00daOOZ pod \u0160lachtov\u00fdm veden\u00edm ud\u011blal \u0159adu p\u0159e\u0161lap\u016f a absolutn\u011b nech\u00e1pe, jak mohl b\u00fdval\u00fd \u0161\u00e9f tohoto policejn\u00edho \u00fatvaru vstoupit do politiky.<\/p>\n\n\n\n<p>Pr\u00e1ce se zdroji je podle n\u011bj dost o vyhodnocen\u00ed konkr\u00e9tn\u00ed situace. <em>\u201eMn\u011b se stalo t\u0159eba, \u017ee mi zazvonil telefon ve dvan\u00e1ct dopoledne v ned\u011bli, n\u011bkdy p\u0159ed dv\u011bma lety, nezn\u00e1m\u00e9 \u010d\u00edslo. A te\u010f, no, co ud\u011bl\u00e1te? Ukon\u010d\u00edte ten hovor, \u017ee teda to takto je neleg\u00e1ln\u00ed, \u017ee tam m\u00e1 telefon, anebo se s t\u00edm \u010dlov\u011bkem budete bavit, abyste zjistil n\u011bjak\u00e9 dal\u0161\u00ed informace? Tak\u017ee vlastn\u011b jste neust\u00e1le na hran\u011b cel\u00e9 pr\u00e1ce, abyste dostal n\u011bjak\u00e9 informace z t\u011bch lid\u00ed,\u201c<\/em> popisuje jedno ze z\u00e1kladn\u00edch dilemat pr\u00e1ce investigativn\u00edho report\u00e9ra.<\/p>\n\n\n\n<p>Sv\u00e9 pr\u00e1ci se hodl\u00e1 nad\u00e1le v\u011bnovat v r\u00e1mci ji\u017e zm\u00edn\u011bn\u00e9ho projektu Odkryto.cz, kter\u00fd zalo\u017eil spole\u010dn\u011b se sv\u00fdm kolegou z bran\u017ee Karlem Hrube\u0161em. Nicm\u00e9n\u011b reflektuje, \u017ee povaha novin\u00e1\u0159sk\u00e9 profese se v posledn\u00edch letech podstatn\u011b zm\u011bnila. <em>\u201eDneska vlastn\u011b m\u016f\u017ee b\u00fdt novin\u00e1\u0159 kdekdo. Proto\u017ee m\u00e1me rozmach r\u016fzn\u00fdch youtuber\u016f a t\u011bchto m\u00e9di\u00ed. Co\u017e je vlastn\u011b situace, na kterou podle m\u011b z\u00e1kon \u00fapln\u011b nepamatoval,\u201c <\/em>uzav\u00edr\u00e1 Hynek.<\/p>\n\n\n\n<p>Podcast <a href=\"https:\/\/www.slepaspravedlnost.cz\/\">Slep\u00e1 spravedlnost<\/a> se zam\u011b\u0159uje na osudy a p\u0159\u00edb\u011bhy osob, kter\u00fdm do \u017eivota vstoupilo trestn\u00ed st\u00edh\u00e1n\u00ed. Klade si za c\u00edl hovo\u0159it o vin\u011b a trestu, ale i o \u201etrestu bez viny\u201c. Podcastem prov\u00e1z\u00ed legenda \u010desk\u00e9 advokacie JUDr. Petr Toman se sv\u00fdm synem Mgr. \u0160imonem Tomanem. Cel\u00fd projekt Slep\u00e1 spravedlnost vznik\u00e1 za podpory advok\u00e1tn\u00ed kancel\u00e1\u0159e <a href=\"https:\/\/www.chrenektomankotrba.cz\/\" target=\"_blank\" rel=\"noreferrer noopener\">Chrenek, Toman, Kotrba<\/a>.<\/p>\n\n\n\n<p><em>Foto: Chrenek, Toman, Kotrba<\/em><\/p>\n","protected":false},"excerpt":{"rendered":"<p>Ji\u0159\u00ed Hynek dlouh\u00e1 l\u00e9ta pat\u0159il mezi nejv\u00fdrazn\u011bj\u0161\u00ed report\u00e9ry \u010cesk\u00e9 televize. Zhruba v polovin\u011b lo\u0148sk\u00e9ho roku v\u0161ak z televizn\u00edch obrazovek ode\u0161el<\/p>\n","protected":false},"author":1,"featured_media":1913,"comment_status":"open","ping_status":"open","sticky":false,"template":"","format":"standard","meta":{"colormag_page_container_layout":"default_layout","colormag_page_sidebar_layout":"default_layout"},"categories":[58],"tags":[204,198,201,196,195,200,205,199,203,197,194,202],"_links":{"self":[{"href":"https:\/\/www.iforbes.cz\/index.php\/wp-json\/wp\/v2\/posts\/1912"}],"collection":[{"href":"https:\/\/www.iforbes.cz\/index.php\/wp-json\/wp\/v2\/posts"}],"about":[{"href":"https:\/\/www.iforbes.cz\/index.php\/wp-json\/wp\/v2\/types\/post"}],"author":[{"embeddable":true,"href":"https:\/\/www.iforbes.cz\/index.php\/wp-json\/wp\/v2\/users\/1"}],"replies":[{"embeddable":true,"href":"https:\/\/www.iforbes.cz\/index.php\/wp-json\/wp\/v2\/comments?post=1912"}],"version-history":[{"count":1,"href":"https:\/\/www.iforbes.cz\/index.php\/wp-json\/wp\/v2\/posts\/1912\/revisions"}],"predecessor-version":[{"id":1914,"href":"https:\/\/www.iforbes.cz\/index.php\/wp-json\/wp\/v2\/posts\/1912\/revisions\/1914"}],"wp:featuredmedia":[{"embeddable":true,"href":"https:\/\/www.iforbes.cz\/index.php\/wp-json\/wp\/v2\/media\/1913"}],"wp:attachment":[{"href":"https:\/\/www.iforbes.cz\/index.php\/wp-json\/wp\/v2\/media?parent=1912"}],"wp:term":[{"taxonomy":"category","embeddable":true,"href":"https:\/\/www.iforbes.cz\/index.php\/wp-json\/wp\/v2\/categories?post=1912"},{"taxonomy":"post_tag","embeddable":true,"href":"https:\/\/www.iforbes.cz\/index.php\/wp-json\/wp\/v2\/tags?post=1912"}],"curies":[{"name":"wp","href":"https:\/\/api.w.org\/{rel}","templated":true}]}}