{"id":1925,"date":"2025-02-10T09:55:27","date_gmt":"2025-02-10T09:55:27","guid":{"rendered":"https:\/\/www.iforbes.cz\/?p=1925"},"modified":"2025-02-10T09:55:28","modified_gmt":"2025-02-10T09:55:28","slug":"viceprezident-unie-obhajcu-cr-odhalil-co-mu-na-ceskem-trestnim-systemu-vadi-nejvice","status":"publish","type":"post","link":"https:\/\/www.iforbes.cz\/index.php\/2025\/02\/10\/viceprezident-unie-obhajcu-cr-odhalil-co-mu-na-ceskem-trestnim-systemu-vadi-nejvice\/","title":{"rendered":"Viceprezident Unie obh\u00e1jc\u016f \u010cR odhalil, co mu na \u010desk\u00e9m trestn\u00edm syst\u00e9mu vad\u00ed nejv\u00edce"},"content":{"rendered":"\n<p><strong>V trestn\u00edm \u0159\u00edzen\u00ed se \u010dasto rozhoduje o osudech lid\u00ed je\u0161t\u011b p\u0159edt\u00edm, ne\u017e v\u016fbec za\u010dne soud. Hostem Petra a \u0160imona Tomanov\u00fdch v podcastu <\/strong><a href=\"https:\/\/www.slepaspravedlnost.cz\/\" target=\"_blank\" rel=\"noreferrer noopener\"><strong>Slep\u00e1 spravedlnost<\/strong><\/a><strong> byl tentokr\u00e1t jejich kolega z bran\u017ee, advok\u00e1t a viceprezident Unie obh\u00e1jc\u016f \u010cR, Luk\u00e1\u0161 Trojan. V rozhovoru se zam\u00fd\u0161l\u00ed nad medi\u00e1ln\u00edm tlakem na trestn\u00ed kauzy, problematickou p\u0159\u00edsnost\u00ed \u010desk\u00e9ho trestn\u00edho pr\u00e1va i kontroverzn\u00edm n\u00e1vrhem nov\u00e9ho trestn\u00e9ho \u010dinu neopr\u00e1vn\u011bn\u00e9 \u010dinnosti pro ciz\u00ed moc. <em>\u201eU n\u00e1s je trest odn\u011bt\u00ed svobody z\u00e1kladn\u00edm trestem, a to je \u0161patn\u011b. Ve Skandin\u00e1vii je to naopak \u2013 a d\u00e1v\u00e1 to smysl,\u201c<\/em> \u0159\u00edk\u00e1 Trojan, kter\u00fd aktu\u00e1ln\u011b zastupuje b\u00fdval\u00e9ho n\u00e1m\u011bstka prim\u00e1tora Petra Hlubu\u010dka v kauze Dozimetr.<\/strong><\/p>\n\n\n\n<p>Luk\u00e1\u0161 Trojan moment\u00e1ln\u011b vystupuje jako obh\u00e1jce v jedn\u00e9 mimo\u0159\u00e1dn\u011b ost\u0159e sledovan\u00e9 kauze \u2013 zastupuje toti\u017e b\u00fdval\u00e9ho n\u00e1m\u011bstka pra\u017esk\u00e9ho prim\u00e1tora Petra Hlubu\u010dka (ex-STAN) obvin\u011bn\u00e9ho v kauze Dozimetr. Ta p\u0159ed n\u011bjak\u00fdm \u010dasem plnila tituln\u00ed strany novin a v\u0161echny zainteresovan\u00e9 strany byly v r\u00e1mci toho siln\u011b medi\u00e1ln\u011b exponov\u00e1ny. V posledn\u00ed dob\u011b ale vzruch utichl. <em>\u201eZa posledn\u00ed rok od pod\u00e1n\u00ed ob\u017ealoby se v t\u00e9to v\u011bci vlastn\u011b neodehr\u00e1v\u00e1 v\u016fbec nic podstatn\u00e9ho,\u201c<\/em> podot\u00fdk\u00e1 Hlubu\u010dk\u016fv obh\u00e1jce a dod\u00e1v\u00e1, \u017ee medi\u00e1ln\u00ed \u00fatlum vede k jist\u00e9mu zkreslen\u00ed ve\u0159ejn\u00e9ho vn\u00edm\u00e1n\u00ed p\u0159\u00edpadu: <em>\u201eKdy\u017e se bav\u00edm s kamar\u00e1dy a padne t\u00e9ma Dozimetr, tak si mysl\u00ed, \u017ee v\u0161ichni u\u017e d\u00e1vno sed\u00ed ve v\u011bzen\u00ed. Proto\u017ee ta medi\u00e1ln\u00ed vlna u\u017e ustala, u\u017e se o tom tolik nep\u00ed\u0161e.\u201c<\/em><\/p>\n\n\n\n<p>Um\u011bn\u00ed komunikace s m\u00e9dii je podle Trojana ned\u00edlnou sou\u010d\u00e1st\u00ed pr\u00e1ce obh\u00e1jce. Za l\u00e9ta praxe si ji\u017e osvojil n\u011bkter\u00e9 strategie, kter\u00e9 mu dob\u0159e funguj\u00ed \u2013 nap\u0159\u00edklad komunikuje s novin\u00e1\u0159i z\u00e1sadn\u011b p\u00edsemnou formou. <em>\u201ePreferuji zp\u016fsob, \u017ee si s nimi p\u00ed\u0161u SMSky, e-maily \u2013 p\u0159edev\u0161\u00edm SMSky,\u201c<\/em> vysv\u011btluje s t\u00edm, \u017ee spole\u010dn\u011b se schv\u00e1len\u00edm od klienta jde o nejspolehliv\u011bj\u0161\u00ed zp\u016fsob, jak zajistit, aby p\u0159ed\u00e1van\u00e9 sd\u011blen\u00ed nebylo zkresleno. K takov\u00e9 ostra\u017eitosti ho dovedly d\u0159\u00edv\u011bj\u0161\u00ed negativn\u00ed zku\u0161enosti s vytrh\u00e1v\u00e1n\u00edm z kontextu. Pro kolegy z bran\u017ee m\u00e1 ov\u0161em jasn\u00e9 doporu\u010den\u00ed: <em>\u201eKdy\u017e jste p\u0159ed jedna\u010dkou, je \u00fapln\u011b nejlep\u0161\u00ed a doporu\u010dil bych to v ka\u017ed\u00e9 eventualit\u011b \u2013 zkr\u00e1tka v klidu se postavit p\u0159ed shrom\u00e1\u017ed\u011bn\u00e1 m\u00e9dia, d\u00e1t jim sv\u016fj statement, odpov\u011bd\u011bt na ot\u00e1zky a j\u00edt.\u201c<\/em><\/p>\n\n\n\n<p>Soudn\u00ed \u0159\u00edzen\u00ed \u2013 v\u010detn\u011b toho v kauze Dozimetr \u2013 se \u010dasto op\u00edraj\u00ed o odposlechy, kter\u00e9 se v mnoha p\u0159\u00edpadech st\u00e1vaj\u00ed kl\u00ed\u010dov\u00fdm d\u016fkazn\u00edm materi\u00e1lem. Paradoxn\u011b p\u0159itom sami akt\u00e9\u0159i trestn\u00edch kauz \u010dasto potvrzuj\u00ed sv\u00e9 obavy z policejn\u00edho sledov\u00e1n\u00ed. <em>\u201eNej\u010dast\u011bj\u0161\u00ed hl\u00e1\u0161ka, kterou sl\u00fdch\u00e1m v odposle\u0161\u00edch? \u201aDej si pozor, m\u016f\u017eou n\u00e1s odposlouch\u00e1vat,\u2018\u201c<\/em> uv\u00e1d\u00ed Trojan. Jak ale dod\u00e1v\u00e1, pr\u00e1v\u011b tato varov\u00e1n\u00ed se mnohdy objevuj\u00ed jako sou\u010d\u00e1st spis\u016f a mohou nakonec sehr\u00e1t d\u016fle\u017eitou roli p\u0159i formov\u00e1n\u00ed ob\u017ealoby.<\/p>\n\n\n\n<p><strong>Skandin\u00e1vsk\u00e1 inspirace<\/strong><\/p>\n\n\n\n<p>Jeden z nejstar\u0161\u00edch cynick\u00fdch vtip\u016f mezi pr\u00e1vn\u00edky prav\u00ed, \u017ee k soudu se nechod\u00ed pro spravedlnost, n\u00fdbr\u017e pro rozsudek. Luk\u00e1\u0161 Trojan p\u0159izn\u00e1v\u00e1, \u017ee po letech, co se pohybuje v r\u00e1mci tuzemsk\u00e9ho justi\u010dn\u00edho syst\u00e9mu, se stal cynikem a podepsal by v tomto sm\u011bru ka\u017ed\u00e9 p\u00edsmenko. U soud\u016f se podle n\u011bj prim\u00e1rn\u011b nal\u00e9z\u00e1 pr\u00e1vo, co\u017e je sice spr\u00e1vn\u011b, nicm\u00e9n\u011b to \u010dasto nem\u00e1 se spravedlnost\u00ed nic spole\u010dn\u00e9ho. Osobn\u011b mu vad\u00ed i jist\u00e1 kampa\u0148ovitost, v jej\u00edm\u017e d\u016fsledku se soudy ocitaj\u00ed pod tlakem, jak by m\u011bly \u201espr\u00e1vn\u011b\u201c rozhodovat. V posledn\u00ed dob\u011b to Trojan vid\u00ed hlavn\u011b v ot\u00e1zk\u00e1ch sexu\u00e1ln\u00edho a dom\u00e1c\u00edho n\u00e1sil\u00ed.<\/p>\n\n\n\n<p>Ani zdaleka ale nejde o jeho nejv\u011bt\u0161\u00ed v\u00fdtku v\u016f\u010di trestn\u00edmu \u0159\u00edzen\u00ed. <em>\u201eV tuto chv\u00edli mi \u00fapln\u011b nejv\u00edc vad\u00ed v\u011bc, kter\u00e1 se \u010d\u00e1ste\u010dn\u011b \u0159e\u0161\u00ed, a to je z m\u00e9ho pohledu extr\u00e9mn\u00ed penalizace ur\u010dit\u00e9ho typu trestn\u00e9 \u010dinnosti v \u010cesk\u00e9 republice \u2013 a nastaven\u00ed trest\u00e1n\u00ed u nen\u00e1siln\u00e9 kriminality,\u201c<\/em> uv\u00e1d\u00ed Luk\u00e1\u0161 Trojan a sv\u00e9 stanovisko podporuje tez\u00ed o dvou z\u00e1kladn\u00edch kategori\u00edch trestn\u00e9 \u010dinnosti. Prvn\u00ed z nich zahrnuje v\u0161echny pachatele, kter\u00e9 je pot\u0159eba po ur\u010ditou dobu izolovat od spole\u010dnosti, druh\u00e1 pokr\u00fdv\u00e1 v\u0161echny ostatn\u00ed. Inspiruje se skandin\u00e1vsk\u00fdm p\u0159\u00edstupem, kde je trest odn\u011bt\u00ed svobody vn\u00edm\u00e1n jako krajn\u00ed mo\u017enost. <em>\u201eA u n\u00e1s je to pr\u00e1v\u011b naopak. To znamen\u00e1, \u017ee trest odn\u011bt\u00ed svobody je t\u00edm z\u00e1kladn\u00edm trestem a v\u0161echny ostatn\u00ed jsou k n\u011bmu alternativn\u00ed. A to je v\u011bc, kter\u00e1 mi aktu\u00e1ln\u011b nejv\u00edc vad\u00ed. Jsem sice r\u00e1d, \u017ee je tady na stole n\u011bjak\u00e1 novela, ale z\u00e1rove\u0148 nejsem spokojen\u00fd s t\u00edm, jak vypad\u00e1,\u201c<\/em> hodnot\u00ed advok\u00e1t, kter\u00fd pova\u017euje za mimo\u0159\u00e1dn\u011b efektivn\u00ed trest hlavn\u011b dom\u00e1c\u00ed v\u011bzen\u00ed.<\/p>\n\n\n\n<p>Zm\u00edn\u011bnou vl\u00e1dn\u00ed novelu nev\u00e1h\u00e1 ozna\u010dit za \u201eohlodanou kost\u201c nebo \u201ekrvav\u00fd kompromis\u201c. Po v\u0161ech p\u0159ipom\u00ednkovac\u00edch kole\u010dk\u00e1ch z\u016fstala z nad\u011bjn\u00fdch zm\u011bn p\u0159edev\u0161\u00edm faktick\u00e1 depenalizace neplati\u010d\u016f aliment\u016f, co\u017e je podle Luk\u00e1\u0161e Trojana velmi m\u00e1lo. P\u0159esto v n\u011bm z\u016fst\u00e1v\u00e1 alespo\u0148 ur\u010dit\u00e1 nad\u011bje, \u017ee se v\u011bci za\u010d\u00ednaj\u00ed ub\u00edrat spr\u00e1vn\u00fdm sm\u011brem. Uv\u011bdomuje si v\u0161ak, \u017ee v r\u00e1mci cel\u00e9 Evropy je syst\u00e9m trest\u00e1n\u00ed v \u010cesk\u00e9 republice srovnateln\u00fd hlavn\u011b se zem\u011bmi jako Slovensko, Ma\u010farsko nebo Polsko \u2013 tedy st\u00e1ty, kde je po\u010det v\u011bz\u0148\u016f v pom\u011bru k po\u010dtu obyvatel v\u016fbec nejvy\u0161\u0161\u00ed. <em>\u201eTak jako nebudeme m\u00edt stejn\u00e9 platy jako v N\u011bmecku, tak nebudeme m\u00edt stejn\u00fd benchmark trest\u00e1n\u00ed jako v z\u00e1padn\u00ed Evrop\u011b a bude to je\u0161t\u011b trvat, ne\u017e se tam p\u0159ibl\u00ed\u017e\u00edme,\u201c<\/em> p\u0159edpov\u00edd\u00e1 Trojan.<\/p>\n\n\n\n<p><strong>Vlhk\u00fd sen zpravodajsk\u00fdch slu\u017eeb<\/strong><\/p>\n\n\n\n<p>Trojice advok\u00e1t\u016f se v rozhovoru dotkla tak\u00e9 jedn\u00e9 \u010derstv\u00e9 trestn\u011bpr\u00e1vn\u00ed novinky s politick\u00fdm p\u0159esahem \u2013 zaveden\u00ed trestn\u00e9ho \u010dinu neopr\u00e1vn\u011bn\u00e9 \u010dinnosti pro ciz\u00ed moc. Jeho skutkov\u00e1 podstata spo\u010d\u00edv\u00e1 v takov\u00e9 \u010dinnosti pro ciz\u00ed moc, kter\u00e1 je \u010din\u011bna s \u00famyslem po\u0161kodit bezpe\u010dnost, obranu, \u00fazemn\u00ed celistvost, svrchovanost \u010di \u00fastavn\u00ed z\u0159\u00edzen\u00ed st\u00e1tu. Podle Luk\u00e1\u0161e Trojana je takov\u00e1 formulace velmi nebezpe\u010dn\u00e1. Jednak je dostate\u010dn\u011b \u0161irok\u00e1 na to, aby se pod ni dalo subsumovat prakticky cokoliv, jednak jde o nebezpe\u010dnou reminiscenci podobn\u00e9ho trestn\u00e9ho \u010dinu podvracen\u00ed republiky, kter\u00fd nechvaln\u011b proslul hlavn\u011b jako n\u00e1stroj komunistick\u00e9ho re\u017eimu k pot\u00edr\u00e1n\u00ed n\u00e1zorov\u00e9 opozice. <em>\u201eJe to vlhk\u00fd sen zpravodajsk\u00fdch slu\u017eeb,\u201c <\/em>m\u00edn\u00ed Trojan.<\/p>\n\n\n\n<p>Na jednu stranu nicm\u00e9n\u011b toto dilema zpravodajc\u016f ch\u00e1pe. <em>\u201eMysl\u00edm si, \u017ee pro d\u016fstojn\u00edky zpravodajsk\u00fdch slu\u017eeb mus\u00ed b\u00fdt spousta jedn\u00e1n\u00ed, kter\u00e1 oni zaznamenaj\u00ed a nemohou postihnout, mimo\u0159\u00e1dn\u011b frustruj\u00edc\u00ed \u010d\u00e1st jejich agendy. Samoz\u0159ejm\u011b, \u017ee d\u016fvod, pro\u010d zpravodajsk\u00e9 slu\u017eby za pou\u017eit\u00ed u\u017eite\u010dn\u00e9ho STANu toto tla\u010d\u00ed do trestn\u00edho z\u00e1kon\u00edku, je z jejich \u00fahlu pohledu zcela legitimn\u00ed,\u201c<\/em> hodnot\u00ed advok\u00e1t. Je ale toho n\u00e1zoru, \u017ee paragraf, kter\u00fd je moment\u00e1ln\u011b implicitn\u011b nam\u00ed\u0159en hlavn\u011b proti aktivit\u00e1m Ruska, by se v d\u016fsledku mohl st\u00e1t siln\u00fdm n\u00e1strojem v rukou nedemokratick\u00fdch sil, je\u017e se mohou jednoho dne legitimn\u00edm zp\u016fsobem dostat k moci. Z\u00e1konod\u00e1rci podle n\u011bj v tomto p\u0159\u00edpad\u011b jednaj\u00ed bez dostate\u010dn\u00e9ho zv\u00e1\u017een\u00ed nezam\u00fd\u0161len\u00fdch d\u016fsledk\u016f.<\/p>\n\n\n\n<p><em>\u201ePr\u00e1v\u011b mezin\u00e1rodn\u00ed politick\u00fd v\u00fdvoj m\u011b vede k mimo\u0159\u00e1dn\u00e9 obav\u011b. A jako kan\u00e1rek v dole \u0159\u00edk\u00e1m, aby ti p\u0159edkladatel\u00e9 za jedno \u010di dv\u011b volebn\u00ed obdob\u00ed najednou nest\u00e9nali, \u017ee dali gumov\u00fd obu\u0161ek do rukou politick\u00fdch sil, kter\u00e9 nepovedou \u010ceskou republiku demokratick\u00fdmi vodami. A nebudou si za ciz\u00ed moc nep\u0159\u00e1telskou pova\u017eovat Rusko, ale budou za ni pova\u017eovat na\u0161e spojence \u2013 a\u0165 u\u017e v r\u00e1mci euroatlantick\u00e9ho spole\u010denstv\u00ed, nebo nap\u0159\u00edklad Izrael,\u201c<\/em> varuje Trojan p\u0159ed nebezpe\u010dn\u00fdm ustanoven\u00edm, kter\u00e9 se do \u010desk\u00e9ho pr\u00e1vn\u00edho \u0159\u00e1du dostalo jako legislativn\u00ed p\u0159\u00edlepek k z\u00e1konu Lex Ukrajina.<\/p>\n\n\n<p><iframe loading=\"lazy\" title=\"O\u010dima obh\u00e1jc\u016f: z\u00e1kulis\u00ed kauzy Dozimetr, humorn\u00e9 historky z praxe, vrac\u00ed se trest\u00e1n\u00ed z dob komunismu?\" width=\"800\" height=\"450\" src=\"https:\/\/www.youtube.com\/embed\/NFod6qF-Lbc?feature=oembed\" frameborder=\"0\" allow=\"accelerometer; autoplay; clipboard-write; encrypted-media; gyroscope; picture-in-picture; web-share\" referrerpolicy=\"strict-origin-when-cross-origin\" allowfullscreen><\/iframe><\/p>\n\n\n\n<p>Podcast <a href=\"https:\/\/www.slepaspravedlnost.cz\/\">Slep\u00e1 spravedlnost<\/a> se zam\u011b\u0159uje na osudy a p\u0159\u00edb\u011bhy osob, kter\u00fdm do \u017eivota vstoupilo trestn\u00ed st\u00edh\u00e1n\u00ed. Klade si za c\u00edl hovo\u0159it o vin\u011b a trestu, ale i o \u201etrestu bez viny\u201c. Podcastem prov\u00e1z\u00ed legenda \u010desk\u00e9 advokacie JUDr. Petr Toman se sv\u00fdm synem Mgr. \u0160imonem Tomanem. Cel\u00fd projekt Slep\u00e1 spravedlnost vznik\u00e1 za podpory advok\u00e1tn\u00ed kancel\u00e1\u0159e <a href=\"https:\/\/www.chrenektomankotrba.cz\/\">Chrenek, Toman, Kotrba<\/a>.<\/p>\n\n\n\n<p><em>Foto: Chrenek, Toman, Kotrba<\/em><\/p>\n","protected":false},"excerpt":{"rendered":"<p>V trestn\u00edm \u0159\u00edzen\u00ed se \u010dasto rozhoduje o osudech lid\u00ed je\u0161t\u011b p\u0159edt\u00edm, ne\u017e v\u016fbec za\u010dne soud. Hostem Petra a \u0160imona Tomanov\u00fdch<\/p>\n","protected":false},"author":1,"featured_media":1926,"comment_status":"open","ping_status":"open","sticky":false,"template":"","format":"standard","meta":{"colormag_page_container_layout":"default_layout","colormag_page_sidebar_layout":"default_layout"},"categories":[58],"tags":[218,204,217,199,202,128,219],"_links":{"self":[{"href":"https:\/\/www.iforbes.cz\/index.php\/wp-json\/wp\/v2\/posts\/1925"}],"collection":[{"href":"https:\/\/www.iforbes.cz\/index.php\/wp-json\/wp\/v2\/posts"}],"about":[{"href":"https:\/\/www.iforbes.cz\/index.php\/wp-json\/wp\/v2\/types\/post"}],"author":[{"embeddable":true,"href":"https:\/\/www.iforbes.cz\/index.php\/wp-json\/wp\/v2\/users\/1"}],"replies":[{"embeddable":true,"href":"https:\/\/www.iforbes.cz\/index.php\/wp-json\/wp\/v2\/comments?post=1925"}],"version-history":[{"count":1,"href":"https:\/\/www.iforbes.cz\/index.php\/wp-json\/wp\/v2\/posts\/1925\/revisions"}],"predecessor-version":[{"id":1927,"href":"https:\/\/www.iforbes.cz\/index.php\/wp-json\/wp\/v2\/posts\/1925\/revisions\/1927"}],"wp:featuredmedia":[{"embeddable":true,"href":"https:\/\/www.iforbes.cz\/index.php\/wp-json\/wp\/v2\/media\/1926"}],"wp:attachment":[{"href":"https:\/\/www.iforbes.cz\/index.php\/wp-json\/wp\/v2\/media?parent=1925"}],"wp:term":[{"taxonomy":"category","embeddable":true,"href":"https:\/\/www.iforbes.cz\/index.php\/wp-json\/wp\/v2\/categories?post=1925"},{"taxonomy":"post_tag","embeddable":true,"href":"https:\/\/www.iforbes.cz\/index.php\/wp-json\/wp\/v2\/tags?post=1925"}],"curies":[{"name":"wp","href":"https:\/\/api.w.org\/{rel}","templated":true}]}}