{"id":1928,"date":"2025-02-13T15:19:25","date_gmt":"2025-02-13T15:19:25","guid":{"rendered":"https:\/\/www.iforbes.cz\/?p=1928"},"modified":"2025-02-13T15:19:27","modified_gmt":"2025-02-13T15:19:27","slug":"obora-v-zidlove-slavi-25-let-sve-existence","status":"publish","type":"post","link":"https:\/\/www.iforbes.cz\/index.php\/2025\/02\/13\/obora-v-zidlove-slavi-25-let-sve-existence\/","title":{"rendered":"Obora v \u017didlov\u011b slav\u00ed 25 let sv\u00e9 existence"},"content":{"rendered":"\n<p><strong>V b\u00fdval\u00e9m vojensk\u00e9m prostoru Ralsko vyst\u0159\u00eddala voj\u00e1ky zv\u00ed\u0159ata, v \u010dele se zubrem evropsk\u00fdm. Pro v\u00edce ne\u017e tis\u00edcovku zv\u00ed\u0159at se obora \u017didlov v Ralsku stala nov\u00fdm domovem. U\u017e 25 let toti\u017e \u00fazem\u00ed o velikosti t\u00e9m\u011b\u0159 3 800 hektar\u016f pat\u0159\u00ed pr\u00e1v\u011b jim za odborn\u00e9ho dohledu Vojensk\u00fdch les\u016f a statk\u016f \u010cR, s. p. (VLS) divize Mimo\u0148, kter\u00e1 oblast spravuje.<\/strong><\/p>\n\n\n\n<p>T\u00e9m\u011b\u0159 38 kilometr\u016f \u010dtvere\u010dn\u00edch bylo po dlouh\u00e1 desetilet\u00ed op\u0159en\u00e1 tajemstv\u00edm, za kterou st\u00e1la p\u0159\u00edtomnost sov\u011btsk\u00e9 arm\u00e1dy. Ta si zde vybudovala tankovou st\u0159elnici. V m\u00edstech, kde d\u0159\u00edve dun\u011bly tanky, tak nyn\u00ed zn\u00ed dupot nejv\u011bt\u0161\u00edho voln\u011b \u017eij\u00edc\u00edho zv\u00ed\u0159ete v cel\u00e9 Evrop\u011b, zubra. \u201e<em>V roce 2011 jsme sem dovezli prvn\u00edch p\u011bt kus\u016f zubra a po \u010dty\u0159ech letech dal\u0161\u00ed p\u011btici,\u201c<\/em> vysv\u011btluje spr\u00e1vce obory Miloslav Zikmund z VLS z divize Mimo\u0148. V sou\u010dasn\u00e9 dob\u011b se po obo\u0159e proh\u00e1n\u00ed p\u0159es \u010dty\u0159icet t\u011bchto majest\u00e1tn\u00edch zv\u00ed\u0159at. <em>\u201eA\u010d se to k jejich mohutnosti nemus\u00ed zd\u00e1t, jsou to velice plach\u00e1 zv\u00ed\u0159ata,\u201c<\/em> dod\u00e1v\u00e1 Zikmund. Spole\u010dn\u011b s n\u00edm \u017eij\u00ed v obo\u0159e p\u0159edev\u0161\u00edm jeleni, mufloni, da\u0148ci nebo srn\u010d\u00ed.<\/p>\n\n\n\n<p>Na t\u00e9m\u011b\u0159 3 800 hektarech je 250 hektar\u016f zem\u011bd\u011blsk\u00e9 p\u016fdy, kde VLS provozuje ekologick\u00e9 zem\u011bd\u011blstv\u00ed. N\u011bkter\u00e9 lesn\u00ed porosty jsou obnovov\u00e1ny formou pastevn\u00edho lesa. <em>\u201eSna\u017e\u00edme se pustit do lesa v\u00edce sv\u011btla a ruku v ruce s t\u00edm vys\u00e1zet plodonosn\u00e9 d\u0159eviny, jako duby nebo jablon\u011b. T\u00edm tak pro zv\u011b\u0159 zlep\u0161ujeme potravn\u00ed nab\u00eddku,\u201c<\/em> popisuje Zikmund.<\/p>\n\n\n\n<p>Za \u010dtvrt stolet\u00ed za\u017eila obora dv\u011b kalamity, a to k\u016frovcovou a v\u011btrnou. Obora \u017didlov je dlouhodob\u011b otev\u0159en\u00e1 turist\u016fm. <em>\u201eNejv\u011bt\u0161\u00ed n\u00e1v\u0161t\u011bvnick\u00fd boom jsme zaznamenali p\u0159i otev\u0159en\u00ed prostoru na za\u010d\u00e1tku mil\u00e9nia a pak v roce 2011, kdy jsme k n\u00e1m p\u0159ivezli zubry. I kdy\u017e tu nen\u00ed jedin\u00e9 ob\u010derstven\u00ed a ob\u011b cyklotrasy pat\u0159\u00ed sp\u00ed\u0161e k t\u011bm n\u00e1ro\u010dn\u011bj\u0161\u00edm, lid\u00e9 si k n\u00e1m st\u00e1le nach\u00e1z\u00ed cestu. Ty v\u00fdhledy a ta p\u0159\u00edroda za to stoj\u00ed,\u201c<\/em> \u0159ekl spr\u00e1vce obory Zikmund. Cel\u00e1 obora je obehn\u00e1na plotem, a vstupy a v\u00fdstupy jsou vy\u0159e\u0161eny samouzav\u00edrac\u00edmi br\u00e1nami.<\/p>\n\n\n\n<p>Nedot\u010den\u00e1 krajina a klid je obl\u00edben\u00fd jak mezi turisty, tak i filma\u0159i. V posledn\u00edch letech zde vznikla nap\u0159\u00edklad d\u00edla Nabarven\u00e9 pt\u00e1\u010de nebo Na z\u00e1padn\u00ed front\u011b klid.<\/p>\n\n\n\n<p>Prostor obory \u017didlov opustila sov\u011btsk\u00e1 arm\u00e1da v devades\u00e1t\u00fdch letech. Po nich nastoupila skupina p\u0159ibli\u017en\u011b 50 pyrotechnik\u016f, kte\u0159\u00ed sanovali b\u00fdval\u00fd vojensk\u00fd prostor po dobu t\u00e9m\u011b\u0159 \u0161esti let.<em> \u201eI dnes se je\u0161t\u011b pom\u011brn\u011b \u010dasto objev\u00ed nevybuchl\u00e1 munice nebo n\u011bjak\u00fd fragment, a to p\u0159edev\u0161\u00edm p\u0159irozenou vzl\u00ednavost\u00ed nebo lesnick\u00fdmi pracemi (p\u0159\u00edprava p\u016fdy atd.). Na na\u0161\u00ed divizi m\u00e1me vlastn\u00ed pyrotechnickou skupinu, kter\u00e1 podobn\u00e9 n\u00e1lezy \u0159e\u0161\u00ed,\u201c<\/em> osv\u011btlil Zikmund.<\/p>\n\n\n\n<p><em>Foto: VLS<\/em><\/p>\n","protected":false},"excerpt":{"rendered":"<p>V b\u00fdval\u00e9m vojensk\u00e9m prostoru Ralsko vyst\u0159\u00eddala voj\u00e1ky zv\u00ed\u0159ata, v \u010dele se zubrem evropsk\u00fdm. Pro v\u00edce ne\u017e tis\u00edcovku zv\u00ed\u0159at se obora<\/p>\n","protected":false},"author":1,"featured_media":1929,"comment_status":"open","ping_status":"open","sticky":false,"template":"","format":"standard","meta":{"colormag_page_container_layout":"default_layout","colormag_page_sidebar_layout":"default_layout"},"categories":[53],"tags":[221,220,158,222,223],"_links":{"self":[{"href":"https:\/\/www.iforbes.cz\/index.php\/wp-json\/wp\/v2\/posts\/1928"}],"collection":[{"href":"https:\/\/www.iforbes.cz\/index.php\/wp-json\/wp\/v2\/posts"}],"about":[{"href":"https:\/\/www.iforbes.cz\/index.php\/wp-json\/wp\/v2\/types\/post"}],"author":[{"embeddable":true,"href":"https:\/\/www.iforbes.cz\/index.php\/wp-json\/wp\/v2\/users\/1"}],"replies":[{"embeddable":true,"href":"https:\/\/www.iforbes.cz\/index.php\/wp-json\/wp\/v2\/comments?post=1928"}],"version-history":[{"count":1,"href":"https:\/\/www.iforbes.cz\/index.php\/wp-json\/wp\/v2\/posts\/1928\/revisions"}],"predecessor-version":[{"id":1930,"href":"https:\/\/www.iforbes.cz\/index.php\/wp-json\/wp\/v2\/posts\/1928\/revisions\/1930"}],"wp:featuredmedia":[{"embeddable":true,"href":"https:\/\/www.iforbes.cz\/index.php\/wp-json\/wp\/v2\/media\/1929"}],"wp:attachment":[{"href":"https:\/\/www.iforbes.cz\/index.php\/wp-json\/wp\/v2\/media?parent=1928"}],"wp:term":[{"taxonomy":"category","embeddable":true,"href":"https:\/\/www.iforbes.cz\/index.php\/wp-json\/wp\/v2\/categories?post=1928"},{"taxonomy":"post_tag","embeddable":true,"href":"https:\/\/www.iforbes.cz\/index.php\/wp-json\/wp\/v2\/tags?post=1928"}],"curies":[{"name":"wp","href":"https:\/\/api.w.org\/{rel}","templated":true}]}}