{"id":2004,"date":"2025-04-09T13:07:44","date_gmt":"2025-04-09T13:07:44","guid":{"rendered":"https:\/\/www.iforbes.cz\/?p=2004"},"modified":"2025-04-09T13:07:44","modified_gmt":"2025-04-09T13:07:44","slug":"na-treti-konferenci-cesko-na-krizovatce-dorazi-premier-ministri-i-experti","status":"publish","type":"post","link":"https:\/\/www.iforbes.cz\/index.php\/2025\/04\/09\/na-treti-konferenci-cesko-na-krizovatce-dorazi-premier-ministri-i-experti\/","title":{"rendered":"Na t\u0159et\u00ed konferenci \u010cesko na k\u0159i\u017eovatce doraz\u00ed premi\u00e9r, minist\u0159i i experti"},"content":{"rendered":"\n<p><strong>Nejen podpo\u0159it vznik dlouhodob\u00e9 strategie pro \u010desk\u00e9 hospod\u00e1\u0159stv\u00ed, ale tak\u00e9 definovat nezbytn\u00e9 zm\u011bny v&nbsp;evropsk\u00e9 politice pro zv\u00fd\u0161en\u00ed konkurenceschopnosti firem na cel\u00e9m kontinentu. To budou hlavn\u00ed c\u00edle t\u0159et\u00edho ro\u010dn\u00edku<\/strong> <strong>konference \u010cesko na k\u0159i\u017eovatce, kter\u00e1 se uskute\u010dn\u00ed za \u00fa\u010dasti p\u0159edsedy vl\u00e1dy \u010cesk\u00e9 republiky Petra Fialy a p\u011bti kl\u00ed\u010dov\u00fdch ministr\u016f jeho kabinetu v \u00fater\u00fd 15. dubna 2025 v pra\u017esk\u00e9m O<\/strong><strong>\u2082<\/strong><strong> universum. Leto\u0161n\u00ed ro\u010dn\u00edk s podtitulem \u201eEvropa na k\u0159i\u017eovatce\u201c se zam\u011b\u0159\u00ed nejen na v\u00fdzvy \u010desk\u00e9 ekonomiky, ale zejm\u00e9na na roli \u010ceska v utv\u00e1\u0159en\u00ed budouc\u00ed podoby evropsk\u00e9 hospod\u00e1\u0159sk\u00e9 politiky.<\/strong> <strong>&nbsp;Po\u0159adatel\u00e9 na n\u00ed cht\u011bj\u00ed definovat nezbytn\u00e9 korekce v evropsk\u00e9 politice pro zv\u00fd\u0161en\u00ed konkurenceschopnosti.<\/strong><\/p>\n\n\n\n<p>Podnikatel\u00e9, experti, \u010dlenov\u00e9 vl\u00e1dy i z\u00e1stupci evropsk\u00fdch instituc\u00ed budou diskutovat o t\u00e9matech, kter\u00e1 formuj\u00ed prost\u0159ed\u00ed pro podnik\u00e1n\u00ed i investice \u2013 od vzd\u011bl\u00e1v\u00e1n\u00ed a inovac\u00ed p\u0159es dostupn\u00e9 bydlen\u00ed a energetiku a\u017e po datovou infrastrukturu a trh pr\u00e1ce. Letos poprv\u00e9 bude sou\u010d\u00e1st\u00ed programu v\u00fdrazn\u00fd evropsk\u00fd blok, kter\u00fd pojmenuje konkr\u00e9tn\u00ed p\u0159ek\u00e1\u017eky podnik\u00e1n\u00ed na jednotn\u00e9m trhu.<\/p>\n\n\n\n<p><em>\u201eP\u0159eregulovanost, administrativn\u00ed n\u00e1ro\u010dnost, slo\u017eit\u00e9 a dlouh\u00e9 procesy, nejednotn\u00e1 implementace, bari\u00e9ry na vnit\u0159n\u00edm trhu i mal\u00e1 p\u0159ipravenost na \u0159e\u0161en\u00ed krizov\u00fdch stav\u016f \u2013 celn\u00edch, obchodn\u00edch nebo skute\u010dn\u00fdch v\u00e1lek. To v\u0161e tvo\u0159\u00ed sm\u011bs brzd, pout a zbyte\u010dn\u00fdch omezen\u00ed, kter\u00e9 sni\u017euj\u00ed konkurenceschopnost na\u0161ich i evropsk\u00fdch firem. Proto mus\u00edme spole\u010dn\u011b pojmenovat a navrhnout, co je t\u0159eba pr\u00e1v\u011b te\u010f ve zlomov\u00e9m okam\u017eiku zm\u011bnit, a d\u00e1t \u010desk\u00e9 vl\u00e1d\u011b i politick\u00e9 reprezentaci siln\u00fd mand\u00e1t, aby tyto zm\u011bny v Bruselu a \u0160trasburku prosazovala,<\/em>\u201c \u0159\u00edk\u00e1 prezident Hospod\u00e1\u0159sk\u00e9 komory \u010cR Zden\u011bk Zaj\u00ed\u010dek.<\/p>\n\n\n\n<p>Po\u0159adatel\u00e9 z&nbsp;\u0159ad podnikatelsk\u00fdch organizac\u00ed se rozhodli d\u00e1t evropsk\u00e9 agend\u011b strategick\u00fd prostor s&nbsp;ohledem na to, \u017ee v\u011bt\u0161ina regulac\u00ed a byrokratick\u00e9 z\u00e1t\u011b\u017ee, kter\u00e9 podnikatele aktu\u00e1ln\u011b podle v\u0161ech \u0161et\u0159en\u00ed tr\u00e1p\u00ed a vid\u00ed je jako p\u0159ek\u00e1\u017eku pos\u00edlen\u00ed konkurenceschopnosti, vych\u00e1zej\u00ed z&nbsp;evropsk\u00fdch na\u0159\u00edzen\u00ed a direktiv.<\/p>\n\n\n\n<p><em>\u201eEvropsk\u00e1 komise si kone\u010dn\u011b za\u010d\u00edn\u00e1 uv\u011bdomovat v\u00e1\u017enost situace, ale po\u0159\u00e1d se neodva\u017euje k opravdov\u00e9 zm\u011bn\u011b sm\u011bru. Pot\u0159ebujeme, aby na n\u00ed \u010dlensk\u00e9 st\u00e1ty v\u010detn\u011b \u010ceska vyvinuly tlak. Jinak Evropa ztrat\u00ed kl\u00ed\u010dov\u00e1 odv\u011btv\u00ed a schopnost dr\u017eet krok s glob\u00e1ln\u00edmi konkurenty<\/em>,\u201c \u0159\u00edk\u00e1 Jan Rafaj, prezident Svaz pr\u016fmyslu a dopravy \u010cR.<\/p>\n\n\n\n<p>V \u00favodn\u00edm \u201eevropsk\u00e9m\u201c bloku vystoup\u00ed premi\u00e9r Petr Fiala, prezident Hospod\u00e1\u0159sk\u00e9 komory \u010cR Zden\u011bk Zaj\u00ed\u010dek a prezident Svazu pr\u016fmyslu a dopravy \u010cR Jan Rafaj. Z\u00e1stupci podnikatel\u016f v&nbsp;n\u011bm budou formulovat hlavn\u00ed v\u00fdzvy ve vztahu k&nbsp;evropsk\u00e9 administrativ\u011b, mimo jin\u00e9 z&nbsp;oblast\u00ed ocel\u00e1\u0159stv\u00ed, automobilov\u00e9ho, obrann\u00e9ho i chemick\u00e9ho pr\u016fmyslu. Prezident \u010cesk\u00e9 bankovn\u00ed asociace Jan Juchelka pak \u010dleny vl\u00e1dy i \u00fa\u010dastn\u00edky konference sezn\u00e1m\u00ed se z\u00e1v\u011bry z&nbsp;kulat\u00e9ho stolu k&nbsp;financov\u00e1n\u00ed strategick\u00fdch investic, kter\u00fd prob\u011bhne v&nbsp;p\u0159edve\u010der konference.<\/p>\n\n\n\n<p><em>\u201eAktu\u00e1ln\u011b stoj\u00edme p\u0159ed d\u016fle\u017eit\u00fdm miln\u00edkem v&nbsp;na\u0161\u00ed novodob\u00e9 historii. D\u016fle\u017eit\u00e9 je implementovat strategick\u00e1 rozhodnut\u00ed, podporovat chytr\u00e9 investice a naj\u00edt pro \u010cesko ekonomicky v\u00fdznamn\u011bj\u0161\u00ed pozici v&nbsp;r\u00e1mci Evropy. M\u00e1me siln\u00fd potenci\u00e1l usp\u011bt. Banky, stabiln\u00ed pil\u00ed\u0159 \u010desk\u00e9 ekonomiky, financuj\u00ed strategick\u00e9 investice soukrom\u00e9ho i ve\u0159ejn\u00e9ho sektoru. Pat\u0159\u00ed k&nbsp;tahoun\u016fm inovac\u00ed a digitalizace v&nbsp;\u010cesku. Inovace a modernizace \u010desk\u00e9 ekonomiky p\u0159edpokl\u00e1d\u00e1 investice na \u00farovni 1,7-3,0 % HDP, do roku 2050 a\u017e 3,2 bilionu korun. Majoritn\u011b ze soukrom\u00e9ho sektoru. Role bank ve spolupr\u00e1ci se st\u00e1tem je tak na cest\u011b k rozvoji \u010ceska naprosto kl\u00ed\u010dov\u00e1,\u201c<\/em> \u0159\u00edk\u00e1 prezident \u010cesk\u00e9 bankovn\u00ed asociace a gener\u00e1ln\u00ed \u0159editel Komer\u010dn\u00ed banky Jan Juchelka.<\/p>\n\n\n\n<p>Ve dvou paraleln\u00edch odpoledn\u00edch bloc\u00edch se pak povedou diskuse o investic\u00edch a politice v jednotliv\u00fdch kl\u00ed\u010dov\u00fdch oborech. Tzv. m\u011bkk\u00fd blok bude v\u011bnov\u00e1n trhu pr\u00e1ce, vzd\u011bl\u00e1v\u00e1n\u00ed i v\u00fdzkumu, v\u00fdvoji a inovac\u00edm. V&nbsp;n\u011bm budou s&nbsp;podnikateli mimo jin\u00e9 diskutovat ministr pr\u00e1ce a soci\u00e1ln\u00edch v\u011bc\u00ed Mari\u00e1n Jure\u010dka a ministr \u0161kolstv\u00ed, ml\u00e1de\u017ee a t\u011blov\u00fdchovy Mikul\u00e1\u0161 Bek.<\/p>\n\n\n\n<p>\u201e<em>Trh pr\u00e1ce v \u010cR \u010del\u00ed \u0159ad\u011b probl\u00e9m\u016f \u2013 nen\u00ed dostate\u010dn\u011b flexibiln\u00ed, nab\u00eddka a popt\u00e1vka po pr\u00e1ci nejsou v rovnov\u00e1ze a chyb\u00ed kvalifikovan\u00ed zam\u011bstnanci. Z\u00e1rove\u0148 st\u00e1rne populace, co\u017e zvy\u0161uje pot\u0159ebu rekvalifikac\u00ed, druh\u00fdch kari\u00e9r a rozvoje zejm\u00e9na digit\u00e1ln\u00edch dovednost\u00ed. Tyto v\u00fdzvy budou kl\u00ed\u010dov\u00e9 v nadch\u00e1zej\u00edc\u00edch letech, a je proto nezbytn\u00e9 se na n\u011b p\u0159ipravit<\/em>,\u201c uv\u00e1d\u00ed Ji\u0159\u00ed Horeck\u00fd, prezident Konfederace zam\u011bstnavatelsk\u00fdch a podnikatelsk\u00fdch svaz\u016f \u010cR.<\/p>\n\n\n\n<p>Ve tvrd\u00e9m bloku se pak povede debata o energetice, dopravn\u00ed a datov\u00e9 infrastruktu\u0159e a dostupn\u00e9m bydlen\u00ed za \u00fa\u010dasti ministra pr\u016fmyslu a obchodu Luk\u00e1\u0161e Vl\u010dka, \u0161\u00e9fa resortu dopravy Martina Kupky a ministra pro m\u00edstn\u00ed rozvoj Petra Kulh\u00e1nka.<\/p>\n\n\n\n<p>\u201e<em>Evropsk\u00e9 stavebnictv\u00ed \u010del\u00ed tlaku kv\u016fli n\u00e1ro\u010dn\u00e9mu ESG reportingu, z\u00e1vazk\u016fm v oblasti udr\u017eitelnosti a ot\u00e1zce jejich skute\u010dn\u00e9 priority v dne\u0161n\u00ed geopolitick\u00e9 situaci. Je\u0161t\u011b pal\u010div\u011bj\u0161\u00ed jsou ov\u0161em probl\u00e9my, kter\u00e9 jsme si zp\u016fsobili sami. Obor u n\u00e1s brzd\u00ed extr\u00e9mn\u011b komplikovan\u00fd povolovac\u00ed proces. V\u0161ude v Evrop\u011b je situace podstatn\u011b jednodu\u0161\u0161\u00ed. A i kdy\u017e to naprav\u00edme, \u010del\u00edme probl\u00e9mu s nedostatkem kvalifikovan\u00fdch pracovn\u00edk\u016f. Pokud v sou\u010dinnosti s M\u0160MT nevylep\u0161\u00edme pozici technick\u00e9ho vzd\u011bl\u00e1v\u00e1n\u00ed, naraz\u00edme na to, \u017ee jakkoli velkolep\u00e9 vize stavebnictv\u00ed nebude m\u00edt kdo realizovat<\/em>,\u201c upozor\u0148uje prezident Svazu podnikatel\u016f ve stavebnictv\u00ed Ji\u0159\u00ed Nouza.<\/p>\n\n\n\n<p>Konference \u010cesko na k\u0159i\u017eovatce je presti\u017en\u00ed platforma pro diskusi o strategick\u00fdch sm\u011brech rozvoje \u010cesk\u00e9 republiky v kl\u00ed\u010dov\u00fdch oblastech, jako jsou ekonomika, energetika, infrastruktura nebo stavebnictv\u00ed, mezi z\u00e1stupci podnikatel\u016f, st\u00e1tn\u00ed spr\u00e1vy a p\u0159edn\u00edmi oborov\u00fdmi experty. Po\u0159\u00e1d\u00e1 ji Hospod\u00e1\u0159sk\u00e1 komora \u010cR, Svaz pr\u016fmyslu a dopravy \u010cR, Konfederace zam\u011bstnavatelsk\u00fdch a podnikatelsk\u00fdch svaz\u016f \u010cR, \u010cesk\u00e1 bankovn\u00ed asociace a Svaz podnikatel\u016f ve stavebnictv\u00ed.<\/p>\n\n\n\n<p><em>Foto: HK \u010cR<\/em><\/p>\n","protected":false},"excerpt":{"rendered":"<p>Nejen podpo\u0159it vznik dlouhodob\u00e9 strategie pro \u010desk\u00e9 hospod\u00e1\u0159stv\u00ed, ale tak\u00e9 definovat nezbytn\u00e9 zm\u011bny v&nbsp;evropsk\u00e9 politice pro zv\u00fd\u0161en\u00ed konkurenceschopnosti firem na<\/p>\n","protected":false},"author":1,"featured_media":2005,"comment_status":"open","ping_status":"open","sticky":false,"template":"","format":"standard","meta":{"colormag_page_container_layout":"default_layout","colormag_page_sidebar_layout":"default_layout"},"categories":[58],"tags":[279,281,277,280,278],"_links":{"self":[{"href":"https:\/\/www.iforbes.cz\/index.php\/wp-json\/wp\/v2\/posts\/2004"}],"collection":[{"href":"https:\/\/www.iforbes.cz\/index.php\/wp-json\/wp\/v2\/posts"}],"about":[{"href":"https:\/\/www.iforbes.cz\/index.php\/wp-json\/wp\/v2\/types\/post"}],"author":[{"embeddable":true,"href":"https:\/\/www.iforbes.cz\/index.php\/wp-json\/wp\/v2\/users\/1"}],"replies":[{"embeddable":true,"href":"https:\/\/www.iforbes.cz\/index.php\/wp-json\/wp\/v2\/comments?post=2004"}],"version-history":[{"count":1,"href":"https:\/\/www.iforbes.cz\/index.php\/wp-json\/wp\/v2\/posts\/2004\/revisions"}],"predecessor-version":[{"id":2006,"href":"https:\/\/www.iforbes.cz\/index.php\/wp-json\/wp\/v2\/posts\/2004\/revisions\/2006"}],"wp:featuredmedia":[{"embeddable":true,"href":"https:\/\/www.iforbes.cz\/index.php\/wp-json\/wp\/v2\/media\/2005"}],"wp:attachment":[{"href":"https:\/\/www.iforbes.cz\/index.php\/wp-json\/wp\/v2\/media?parent=2004"}],"wp:term":[{"taxonomy":"category","embeddable":true,"href":"https:\/\/www.iforbes.cz\/index.php\/wp-json\/wp\/v2\/categories?post=2004"},{"taxonomy":"post_tag","embeddable":true,"href":"https:\/\/www.iforbes.cz\/index.php\/wp-json\/wp\/v2\/tags?post=2004"}],"curies":[{"name":"wp","href":"https:\/\/api.w.org\/{rel}","templated":true}]}}