{"id":2007,"date":"2025-04-09T13:14:02","date_gmt":"2025-04-09T13:14:02","guid":{"rendered":"https:\/\/www.iforbes.cz\/?p=2007"},"modified":"2025-04-09T13:14:02","modified_gmt":"2025-04-09T13:14:02","slug":"tomanovi-v-novem-dile-podcastu-hovorili-o-naduzivani-vazby-stresu-pri-vyslechu-i-napjatem-vztahu-justice-a-medii","status":"publish","type":"post","link":"https:\/\/www.iforbes.cz\/index.php\/2025\/04\/09\/tomanovi-v-novem-dile-podcastu-hovorili-o-naduzivani-vazby-stresu-pri-vyslechu-i-napjatem-vztahu-justice-a-medii\/","title":{"rendered":"Tomanovi v nov\u00e9m d\u00edle podcastu hovo\u0159ili o nadu\u017e\u00edv\u00e1n\u00ed vazby, stresu p\u0159i v\u00fdslechu i napjat\u00e9m vztahu justice a m\u00e9di\u00ed"},"content":{"rendered":"\n<p><strong>V nejnov\u011bj\u0161\u00ed epizod\u011b podcastu <em>Slep\u00e1 spravedlnost<\/em> advok\u00e1ti Petr a \u0160imon Tomanovi nab\u00eddli poslucha\u010d\u016fm osobn\u00ed a syrov\u00fd vhled do reality tuzemsk\u00e9 trestn\u00ed justice. Otev\u0159en\u011b mluvili o psychick\u00e9m tlaku na obvin\u011bn\u00e9 b\u011bhem v\u00fdslechu, kritizovali nadu\u017e\u00edv\u00e1n\u00ed vazby a upozornili na problematick\u00fd vztah mezi pr\u00e1vem a m\u00e9dii. Jak se obh\u00e1jce c\u00edt\u00ed, kdy\u017e klient poru\u0161\u00ed domluvenou strategii? A pro\u010d je p\u0159edstava absolutn\u00edho utajen\u00ed v trestn\u00edm \u0159\u00edzen\u00ed dnes pouhou iluz\u00ed?<\/strong><\/p>\n\n\n\n<p>Dvojice moder\u00e1tor\u016f a advok\u00e1t\u016f z kancel\u00e1\u0159e Chrenek, Toman, Kotrba \u2013 Petr Toman a jeho syn \u0160imon Toman \u2013 se v nejnov\u011bj\u0161\u00edm d\u00edle podcastu <em>Slep\u00e1 spravedlnost<\/em> zam\u011b\u0159ili na t\u00e9mata, kter\u00e1 jsou jim profesn\u011b velmi bl\u00edzk\u00e1, a nab\u00eddli poslucha\u010d\u016fm vhled do ka\u017edodenn\u00ed reality trestn\u00edho obh\u00e1jce. Ve form\u00e1tu <em>O\u010dima obh\u00e1jc\u016f<\/em> hovo\u0159ili p\u0159itom nejen o strategi\u00edch, kter\u00e9 vyu\u017e\u00edvaj\u00ed p\u0159i pr\u00e1ci s klienty, ale z\u00e1rove\u0148 upozornili na nedostatky \u010desk\u00e9ho trestn\u011bpr\u00e1vn\u00edho syst\u00e9mu, kter\u00e9 je dlouhodob\u011b tr\u00e1p\u00ed.<\/p>\n\n\n\n<p>Jedn\u00edm z t\u00e9mat, kter\u00e9mu se Petr a \u0160imon Tomanovi v nejnov\u011bj\u0161\u00edm d\u00edle v\u011bnuj\u00ed, je psychologick\u00e1 n\u00e1ro\u010dnost vypov\u00edd\u00e1n\u00ed v trestn\u00edm \u0159\u00edzen\u00ed. I p\u0159esto, \u017ee se obh\u00e1jce s klientem p\u0159edem domluv\u00ed na vyu\u017eit\u00ed pr\u00e1va nevypov\u00eddat, praxe \u010dasto ukazuje, \u017ee takov\u00e1 strategie v krizov\u00e9 chv\u00edli selh\u00e1v\u00e1.<br><em>\u201eU\u017e se mi n\u011bkolikr\u00e1t stalo, \u017ee jsme se s klientem jasn\u011b domluvili \u2013 nebude vypov\u00eddat. Ale pak p\u0159ijde v\u00fdslech, stres, tlak a on za\u010dne mluvit. Pozd\u011bji mi \u0159\u00edk\u00e1: Tohle jsem v\u016fbec nem\u011bl \u0159\u00edkat. P\u0159itom jsme si \u0159\u00edkali: dv\u011b slova \u2013 nebudu vypov\u00eddat. A on mluvil d\u00e1l,\u201c<\/em> popisuje Toman s t\u00edm, \u017ee to nen\u00ed kritika, ale realistick\u00fd obraz lidsk\u00e9ho chov\u00e1n\u00ed v extr\u00e9mn\u00ed situaci.<\/p>\n\n\n\n<p>Podle Tomana toti\u017e ml\u010den\u00ed v krizov\u00e9 situaci vy\u017eaduje daleko v\u011bt\u0161\u00ed psychickou odolnost ne\u017e samotn\u00e9 vypov\u00edd\u00e1n\u00ed. Ve stresu, kter\u00fd doprov\u00e1z\u00ed hrozbu vazby nebo trestn\u00edho st\u00edh\u00e1n\u00ed, je p\u0159irozen\u00e9, \u017ee se \u010dlov\u011bk zlom\u00ed a za\u010dne mluvit \u2013 i kdy\u017e se s obh\u00e1jcem p\u0159edem domluvil na opaku. Touha neb\u00fdt zav\u0159en\u00fd, rychle to cel\u00e9 ukon\u010dit nebo se jen vyhnout dal\u0161\u00edmu tlaku je natolik siln\u00e1, \u017ee \u010dlov\u011bk rad\u011bji poru\u0161\u00ed strategii ml\u010den\u00ed, ne\u017e aby \u010delil t\u00edze ticha. V takov\u00fdch chv\u00edl\u00edch se podle Tomana ukazuje hlubok\u00e1 lidsk\u00e1 zranitelnost, kter\u00e1 \u010dasto p\u0159ev\u00e1\u017e\u00ed nad racion\u00e1ln\u00edm pl\u00e1nem \u2013 a mluven\u00ed se tak st\u00e1v\u00e1 jak\u00fdmsi psychick\u00fdm ventilem, \u00falevou.<\/p>\n\n\n\n<p>Otec a syn Tomanovi se v nejnov\u011bj\u0161\u00edm d\u00edle podcastu v\u011bnovali tak\u00e9 institutu vazby. \u010cesk\u00fd justi\u010dn\u00ed syst\u00e9m podle nich tento institut zna\u010dn\u011b nadu\u017e\u00edv\u00e1, a to i v p\u0159\u00edpadech, kdy to postr\u00e1d\u00e1 logick\u00fd smysl. Vazba by dle Toman\u016f m\u011bla b\u00fdt v\u00fdjime\u010dn\u00fdm n\u00e1strojem a nem\u011bla by b\u00fdt nasazov\u00e1na jako rutina, obzvl\u00e1\u0161\u0165 v p\u0159\u00edpadech, kdy nejsou napln\u011bny z\u00e1konn\u00e9 p\u0159edpoklady. Zejm\u00e9na u velk\u00fdch hospod\u00e1\u0159sk\u00fdch kauz je podle nich naprosto nemysliteln\u00e9, \u017ee by m\u011bl podez\u0159el\u00fd prostor pokra\u010dovat v trestn\u00e9 \u010dinnosti. Stejn\u011b skepti\u010dt\u00ed jsou i k d\u016fvod\u016fm \u00fat\u011bkov\u00e9 a koluzn\u00ed vazby.<\/p>\n\n\n<p><iframe loading=\"lazy\" title=\"O\u010cIMA OBH\u00c1JC\u016e: z\u00e1kulis\u00ed nejv\u00fdznamn\u011bj\u0161\u00edch trestn\u00edch kauz posledn\u00edch let\" width=\"800\" height=\"450\" src=\"https:\/\/www.youtube.com\/embed\/fGlU940TKhI?feature=oembed\" frameborder=\"0\" allow=\"accelerometer; autoplay; clipboard-write; encrypted-media; gyroscope; picture-in-picture; web-share\" referrerpolicy=\"strict-origin-when-cross-origin\" allowfullscreen><\/iframe><\/p>\n\n\n\n<p><em>\u201eMysl\u00edm si, \u017ee vazba by m\u011bla b\u00fdt vyu\u017e\u00edv\u00e1na jen velmi, velmi v\u00fdjime\u010dn\u011b. Mo\u017en\u00e1 na za\u010d\u00e1tku trestn\u00edho \u0159\u00edzen\u00ed se d\u00e1 hovo\u0159it o nebezpe\u010d\u00ed ovliv\u0148ov\u00e1n\u00ed sv\u011bdk\u016f. Ale nebezpe\u010d\u00ed pokra\u010dov\u00e1n\u00ed v trestn\u00e9 \u010dinnosti nevid\u00edm v\u016fbec, proto\u017ee nen\u00ed nic jednodu\u0161\u0161\u00edho ne\u017e \u010dlov\u011bka donutit odej\u00edt z jeho funkc\u00ed a post\u016f. Tak\u017ee na ot\u00e1zku: Je vazba nadu\u017e\u00edvan\u00e1? Moje odpov\u011b\u010f je \u2013 nepochybn\u011b. A je to z\u00e1le\u017eitost soud\u016f, proto\u017ee pr\u00e1v\u011b ty o tom rozhoduj\u00ed,\u201c<\/em> polemizuje Petr Toman. Podle n\u011bj \u010desk\u00e9 soudy naprosto ignoruj\u00ed fakt, \u017ee operuj\u00ed v digit\u00e1ln\u00ed dob\u011b, ve kter\u00e9 je pro n\u011bkoho prakticky nemo\u017en\u00e9 jen tak \u201ezmizet bez z\u00e1znamu\u201c.<\/p>\n\n\n\n<p>\u0160imon a Petr Tomanovi se v rozhovoru v neposledn\u00ed \u0159ad\u011b dotkli tak\u00e9 vztahu mezi pr\u00e1vem a m\u00e9dii a hovo\u0159ili o rozd\u00edlech mezi pr\u00e1vnick\u00fdm a novin\u00e1\u0159sk\u00fdm pohledem na trestn\u00ed spravedlnost. Podle Petra Tomana jsou m\u00e9dia faktorem, se kter\u00fdm je pot\u0159eba po\u010d\u00edtat dop\u0159edu \u2013 zejm\u00e9na ve velk\u00fdch kauz\u00e1ch se toti\u017e st\u00e1v\u00e1, \u017ee dokumenty, kter\u00e9 by m\u011bly b\u00fdt neve\u0159ejn\u00e9, se najednou objev\u00ed v m\u00e9di\u00edch.<br><em>\u201eTa rychlost, se kterou se dostanou do m\u00e9di\u00ed, je neskute\u010dn\u00e1. V kancel\u00e1\u0159i jsme nap\u0159\u00edklad \u0159e\u0161ili p\u0159\u00edpad, kdy jsme dostali dokument datovkou \u2013 ale u\u017e t\u0159i minuty p\u0159edt\u00edm Seznam Zpr\u00e1vy ten stejn\u00fd dokument citovaly,\u201c<\/em> p\u0159ipom\u00edn\u00e1 Petr Toman.<\/p>\n\n\n\n<p>Na tento probl\u00e9m navazuje i d\u0159\u00edv\u011bj\u0161\u00ed \u00favaha novin\u00e1\u0159e Janka Kroupy, kter\u00fd byl hostem podcastu <em>Slep\u00e1 spravedlnost<\/em> v jednom z p\u0159edchoz\u00edch d\u00edl\u016f. Podle n\u011bj by n\u011bkter\u00e9 prvotn\u00ed dokumenty m\u011bly b\u00fdt ve\u0159ejn\u00e9. Tato my\u0161lenka v\u0161ak nar\u00e1\u017e\u00ed na z\u00e1kladn\u00ed pravidlo trestn\u00edho \u0159\u00edzen\u00ed, kter\u00e9 je neve\u0159ejn\u00e9 \u2013 a z n\u011bho\u017e by podle z\u00e1kona nem\u011blo unikat v\u016fbec nic. <em>\u201eTy dva sv\u011bty \u2013 novin\u00e1\u0159sk\u00fd a pr\u00e1vnick\u00fd \u2013 jsou velmi rozd\u00edln\u00e9,\u201c<\/em> konstatuje \u0160imon Toman. Z\u00e1rove\u0148 v\u0161ak upozor\u0148uje, \u017ee v realit\u011b jednadvac\u00e1t\u00e9ho stolet\u00ed, kdy maj\u00ed m\u00e9dia i soci\u00e1ln\u00ed s\u00edt\u011b obrovsk\u00fd dosah a vliv, se po\u017eadavek naprost\u00e9 neve\u0159ejnosti \u010dasto ukazuje jako iluze.<\/p>\n\n\n\n<p>Podcast <a href=\"https:\/\/www.slepaspravedlnost.cz\/\" target=\"_blank\" rel=\"noreferrer noopener\">Slep\u00e1 spravedlnost<\/a> se zam\u011b\u0159uje na osudy a p\u0159\u00edb\u011bhy osob, kter\u00fdm do \u017eivota vstoupilo trestn\u00ed st\u00edh\u00e1n\u00ed. Klade si za c\u00edl hovo\u0159it o vin\u011b a trestu, ale i o \u201etrestu bez viny\u201c. Podcastem prov\u00e1z\u00ed legenda \u010desk\u00e9 advokacie JUDr. Petr Toman se sv\u00fdm synem Mgr. \u0160imonem Tomanem. Cel\u00fd projekt Slep\u00e1 spravedlnost vznik\u00e1 za podpory advok\u00e1tn\u00ed kancel\u00e1\u0159e <a href=\"https:\/\/www.chrenektomankotrba.cz\/\" target=\"_blank\" rel=\"noreferrer noopener\">Chrenek, Toman, Kotrba<\/a>.<\/p>\n\n\n\n<p><em>Foto: CHTK<\/em><\/p>\n","protected":false},"excerpt":{"rendered":"<p>V nejnov\u011bj\u0161\u00ed epizod\u011b podcastu Slep\u00e1 spravedlnost advok\u00e1ti Petr a \u0160imon Tomanovi nab\u00eddli poslucha\u010d\u016fm osobn\u00ed a syrov\u00fd vhled do reality tuzemsk\u00e9<\/p>\n","protected":false},"author":1,"featured_media":2008,"comment_status":"open","ping_status":"open","sticky":false,"template":"","format":"standard","meta":{"colormag_page_container_layout":"default_layout","colormag_page_sidebar_layout":"default_layout"},"categories":[58],"tags":[218,204,282,199,194,202,128],"_links":{"self":[{"href":"https:\/\/www.iforbes.cz\/index.php\/wp-json\/wp\/v2\/posts\/2007"}],"collection":[{"href":"https:\/\/www.iforbes.cz\/index.php\/wp-json\/wp\/v2\/posts"}],"about":[{"href":"https:\/\/www.iforbes.cz\/index.php\/wp-json\/wp\/v2\/types\/post"}],"author":[{"embeddable":true,"href":"https:\/\/www.iforbes.cz\/index.php\/wp-json\/wp\/v2\/users\/1"}],"replies":[{"embeddable":true,"href":"https:\/\/www.iforbes.cz\/index.php\/wp-json\/wp\/v2\/comments?post=2007"}],"version-history":[{"count":1,"href":"https:\/\/www.iforbes.cz\/index.php\/wp-json\/wp\/v2\/posts\/2007\/revisions"}],"predecessor-version":[{"id":2009,"href":"https:\/\/www.iforbes.cz\/index.php\/wp-json\/wp\/v2\/posts\/2007\/revisions\/2009"}],"wp:featuredmedia":[{"embeddable":true,"href":"https:\/\/www.iforbes.cz\/index.php\/wp-json\/wp\/v2\/media\/2008"}],"wp:attachment":[{"href":"https:\/\/www.iforbes.cz\/index.php\/wp-json\/wp\/v2\/media?parent=2007"}],"wp:term":[{"taxonomy":"category","embeddable":true,"href":"https:\/\/www.iforbes.cz\/index.php\/wp-json\/wp\/v2\/categories?post=2007"},{"taxonomy":"post_tag","embeddable":true,"href":"https:\/\/www.iforbes.cz\/index.php\/wp-json\/wp\/v2\/tags?post=2007"}],"curies":[{"name":"wp","href":"https:\/\/api.w.org\/{rel}","templated":true}]}}