{"id":2022,"date":"2025-04-22T13:06:32","date_gmt":"2025-04-22T13:06:32","guid":{"rendered":"https:\/\/www.iforbes.cz\/?p=2022"},"modified":"2025-04-22T13:06:32","modified_gmt":"2025-04-22T13:06:32","slug":"kancelar-rowan-legal-povysila-pet-svych-advokatu","status":"publish","type":"post","link":"https:\/\/www.iforbes.cz\/index.php\/2025\/04\/22\/kancelar-rowan-legal-povysila-pet-svych-advokatu\/","title":{"rendered":"Kancel\u00e1\u0159 ROWAN LEGAL pov\u00fd\u0161ila p\u011bt sv\u00fdch advok\u00e1t\u016f"},"content":{"rendered":"\n<p><strong>Advok\u00e1tn\u00ed kancel\u00e1\u0159 ROWAN LEGAL s pot\u011b\u0161en\u00edm oznamuje \u0159adu nov\u00fdch pov\u00fd\u0161en\u00ed. Ji\u0159\u00ed M\u0148uk byl jmenov\u00e1n Managing Associate, Jakub Z\u00e1myslick\u00fd spolu s Pavl\u00ednou R\u016f\u017ei\u010dkovou postoupili na pozici Counsel a Gabriela Hosnedl spole\u010dn\u011b s Martinem Fi\u0161erem jsou nov\u00fdmi Senior Associates. Tato pov\u00fd\u0161en\u00ed jsou uzn\u00e1n\u00edm jejich odborn\u00fdch znalost\u00ed, pracovn\u00edho nasazen\u00ed a p\u0159\u00ednosu pro kancel\u00e1\u0159.<\/strong><\/p>\n\n\n\n<p><strong>Mgr. Ji\u0159\u00ed M\u0148uk, LL.M.<\/strong> je uzn\u00e1van\u00fdm specialistou na sout\u011b\u017en\u00ed pr\u00e1vo a ve\u0159ejnou regulaci. M\u00e1 zku\u0161enosti s \u0161et\u0159en\u00edmi sout\u011b\u017en\u00edch \u00fa\u0159ad\u016f a komplexn\u00edmi regulatorn\u00edmi ot\u00e1zkami nap\u0159\u00ed\u010d r\u016fzn\u00fdmi odv\u011btv\u00edmi, v\u010detn\u011b telekomunikac\u00ed, energetiky nebo ve\u0159ejn\u00e9 dopravy. Poskytuje pr\u00e1vn\u00ed poradenstv\u00ed ve vztahu k \u0159\u00edzen\u00edm o poru\u0161en\u00ed sout\u011b\u017en\u00edho pr\u00e1va, sout\u011b\u017en\u00edm a regulatorn\u00edm notifikac\u00edm a ot\u00e1zk\u00e1m ve\u0159ejn\u00e9 podpory. Klienty zastupuje p\u0159ed \u010desk\u00fdm sout\u011b\u017en\u00edm \u00fa\u0159adem, Evropskou komis\u00ed a dal\u0161\u00edmi regulatorn\u00edmi org\u00e1ny, jako\u017e i p\u0159ed \u010desk\u00fdmi a unijn\u00edmi soudy. Ji\u0159\u00ed m\u00e1 za sebou rovn\u011b\u017e \u0159adu \u00fasp\u011b\u0161n\u00fdch projekt\u016f t\u00fdkaj\u00edc\u00edch se v\u00fdstavby a provozu telekomunika\u010dn\u00ed \u010di energetick\u00e9 infrastruktury. Pr\u00e1vn\u00ed poradenstv\u00ed poskytuje tuzemsk\u00fdm i zahrani\u010dn\u00edm klient\u016fm a jeho pr\u00e1ce m\u00e1 z\u00e1sadn\u00ed dopad na kl\u00ed\u010dov\u00e9 oblasti regulovan\u00fdch odv\u011btv\u00ed.<\/p>\n\n\n\n<div class=\"wp-block-image\"><figure class=\"aligncenter\"><img src=\"https:\/\/www.muzivcesku.cz\/wp-content\/uploads\/2025\/04\/l1050712_mnuk_vyrez-683x1024.jpg\" alt=\"\" class=\"wp-image-63835\"\/><\/figure><\/div>\n\n\n\n<p><strong>JUDr. Jakub Z\u00e1myslick\u00fd<\/strong> je zku\u0161en\u00fdm expertem na oblast real estate, kter\u00e9 se v\u011bnuje ji\u017e v\u00edce ne\u017e patn\u00e1ct let. Specializuje se na nemovitostn\u00ed transakce, v\u010detn\u011b prov\u00e1d\u011bn\u00ed pr\u00e1vn\u00edch prov\u011brek nemovitost\u00ed, a na komplexn\u00ed pr\u00e1vn\u00ed poradenstv\u00ed ohledn\u011b developersk\u00fdch projekt\u016f t\u00fdkaj\u00edc\u00ed se zejm\u00e9na p\u0159\u00edpravy, realizace, spr\u00e1vy, pron\u00e1jmu a&nbsp;prodeje industri\u00e1ln\u00edch, kancel\u00e1\u0159sk\u00fdch, retailov\u00fdch a reziden\u010dn\u00edch projekt\u016f. B\u011bhem sv\u00e9 dosavadn\u00ed praxe spolupracoval s v\u00fdznamn\u00fdmi \u010desk\u00fdmi i mezin\u00e1rodn\u00edmi spole\u010dnostmi, v\u010detn\u011b p\u0159edn\u00edch \u010desk\u00fdch a mezin\u00e1rodn\u00edch developer\u016f a fond\u016f.<\/p>\n\n\n\n<div class=\"wp-block-image\"><figure class=\"aligncenter\"><img src=\"https:\/\/www.muzivcesku.cz\/wp-content\/uploads\/2025\/04\/l1050162_zamyslicky_vyrez-683x1024.jpg\" alt=\"\" class=\"wp-image-63836\"\/><\/figure><\/div>\n\n\n\n<p><strong>Mgr. Pavl\u00edna R\u016f\u017ei\u010dkov\u00e1<\/strong> je p\u0159edn\u00ed odbornic\u00ed na problematiku f\u00faz\u00ed a akvizic. Bohat\u00e9 zku\u0161enosti m\u00e1 rovn\u011b\u017e s problematikou ve\u0159ejn\u00fdch zak\u00e1zek. V&nbsp;minulosti poskytovala poradenstv\u00ed v&nbsp;\u0159ad\u011b M&amp;A transakc\u00ed, v\u010detn\u011b p\u0159eshrani\u010dn\u00edch, zahrnuj\u00edc\u00ed nap\u0159\u00edklad akvizici mezin\u00e1rodn\u00edho \u0159et\u011bzce prodejen n\u00e1bytku \u010di mezin\u00e1rodn\u00edho \u0159et\u011bzce prodejen sportovn\u00edho zbo\u017e\u00ed, jako\u017e i akvizic v odv\u011btv\u00ed automobilov\u00e9ho pr\u016fmyslu, vod\u00e1renstv\u00ed a energetiky. Pavl\u00edna se specializuje na transakce s ve\u0159ejn\u00fdm prvkem a poradenstv\u00ed v oblasti joint venture projekt\u016f v r\u00e1mci ve\u0159ejn\u00e9ho sektoru. S ohledem na dlouholetou praxi v odv\u011btv\u00ed ve\u0159ejn\u00e9ho pr\u00e1va a ve\u0159ejn\u00fdch zak\u00e1zek, je vyhled\u00e1vanou specialistkou na transakce, kter\u00e9 maj\u00ed ve\u0159ejn\u00fd p\u0159esah. V&nbsp;r\u00e1mci akvizi\u010dn\u00edch projekt\u016f poskytuje komplexn\u00ed poradenstv\u00ed od strukturov\u00e1n\u00ed transakce p\u0159es organizaci a realizaci due diligence, p\u0159\u00edpravu a vyjedn\u00e1n\u00ed transak\u010dn\u00ed dokumentace a&nbsp;\u0159e\u0161en\u00ed akvizi\u010dn\u00edho financov\u00e1n\u00ed a\u017e po vypo\u0159\u00e1d\u00e1n\u00ed transakce.<\/p>\n\n\n\n<div class=\"wp-block-image\"><figure class=\"aligncenter\"><img src=\"https:\/\/www.muzivcesku.cz\/wp-content\/uploads\/2025\/04\/l1050633_ruzickova_vyrez-683x1024.jpg\" alt=\"\" class=\"wp-image-63837\"\/><\/figure><\/div>\n\n\n\n<p><strong>Mgr. Gabriela Hosnedl<\/strong> se specializuje na poradenstv\u00ed v oblasti M&amp;A a korpor\u00e1tn\u00edho pr\u00e1va. B\u011bhem sv\u00e9 kari\u00e9ry se pod\u00edlela na mnoha v\u00fdznamn\u00fdch transakc\u00edch, a to jak na stran\u011b prod\u00e1vaj\u00edc\u00edch, tak kupuj\u00edc\u00edch. M\u00e1 bohat\u00e9 zku\u0161enosti s p\u0159\u00edpravou due diligence, strukturov\u00e1n\u00edm transakce, vypracov\u00e1n\u00edm transak\u010dn\u00ed dokumentace a vyjedn\u00e1v\u00e1n\u00edm kl\u00ed\u010dov\u00fdch podm\u00ednek realizace projekt\u016f. D\u00e1le se zam\u011b\u0159uje na corporate governance a vytv\u00e1\u0159en\u00ed holdingov\u00fdch struktur. Zku\u0161enosti m\u00e1 v\u0161ak i s real estate \u010di sporovou agendou.<\/p>\n\n\n\n<div class=\"wp-block-image\"><figure class=\"aligncenter\"><img src=\"https:\/\/www.muzivcesku.cz\/wp-content\/uploads\/2025\/04\/l1090172_lunakova_vyrez-683x1024.jpg\" alt=\"\" class=\"wp-image-63838\"\/><\/figure><\/div>\n\n\n\n<p><strong>Mgr. Martin Fi\u0161er<\/strong> je odborn\u00edkem na pr\u00e1vo ve\u0159ejn\u00fdch zak\u00e1zek s p\u0159esahem do oblasti ICT a z\u00e1vazkov\u00e9ho pr\u00e1va, p\u0159i\u010dem\u017e na klientsk\u00fdch projektech p\u016fsob\u00ed v roli vedouc\u00edho pr\u00e1vn\u00edka. Jeho expertiza zahrnuje p\u0159\u00edpravu komplexn\u00edch pr\u00e1vn\u00edch anal\u00fdz, p\u0159\u00edpravu zad\u00e1vac\u00edch a smluvn\u00edch dokumentac\u00ed, pr\u00e1vn\u00ed podporu v zad\u00e1vac\u00edm procesu a komplexn\u00ed poradenstv\u00ed zadavatel\u016fm a dodavatel\u016fm ve\u0159ejn\u00fdch zak\u00e1zek. Martin m\u00e1 v\u00fdznamn\u00e9 zku\u0161enosti s n\u00e1ro\u010dn\u00fdmi typy zad\u00e1vac\u00edch \u0159\u00edzen\u00ed, jako je sout\u011b\u017en\u00ed dialog \u010di inova\u010dn\u00ed partnerstv\u00ed.<\/p>\n\n\n\n<div class=\"wp-block-image\"><figure class=\"aligncenter\"><img src=\"https:\/\/www.muzivcesku.cz\/wp-content\/uploads\/2025\/04\/l1050131_fiser_vyrez-683x1024.jpg\" alt=\"\" class=\"wp-image-63839\"\/><\/figure><\/div>\n\n\n\n<p><em>\u201ePov\u00fd\u0161en\u00ed Ji\u0159\u00edho M\u0148uka, Jakuba Z\u00e1myslick\u00e9ho, Pavl\u00edny R\u016f\u017ei\u010dkov\u00e9, Gabriely Hosnedl a Martina Fi\u0161era je v\u00fdsledkem jejich dlouhodob\u00e9 skv\u011bl\u00e9 pr\u00e1ce a odhodl\u00e1n\u00ed. Ji\u0159\u00ed prok\u00e1zal svou odbornost v oblasti sout\u011b\u017en\u00edho pr\u00e1va a regulace, a to zejm\u00e9na v r\u00e1mci velk\u00fdch a slo\u017eit\u00fdch projekt\u016f, <\/em><em>Jakub je kl\u00ed\u010dov\u00fdm expertem na pr\u00e1vo nemovitost\u00ed se strategick\u00fdm p\u0159\u00edstupem a vysokou odbornost\u00ed, Pavl\u00edna je \u0161pi\u010dkov\u00e1 advok\u00e1tka pro oblast f\u00faz\u00ed, akvizic a ve\u0159ejn\u00fdch zak\u00e1zek s d\u016fle\u017eit\u00fdm p\u0159\u00ednosem p\u0159i veden\u00ed transakc\u00ed pro kl\u00ed\u010dov\u00e9 klienty, Gabriela vn\u00e1\u0161\u00ed do t\u00fdmu preciznost a perfektn\u00ed znalosti v oblasti M&amp;A, kter\u00e9 jsou pro n\u00e1\u0161 r\u016fst kl\u00ed\u010dov\u00e9. Martin sv\u00fdm p\u0159\u00edstupem a znalostmi v oblasti ve\u0159ejn\u00fdch zak\u00e1zek dokazuje, \u017ee rovn\u011b\u017e pat\u0159\u00ed mezi \u0161pi\u010dku v oboru.&nbsp;<\/em><em>Jejich pov\u00fd\u0161en\u00ed je p\u0159irozen\u00fdm vy\u00fast\u011bn\u00edm jejich v\u00fdjime\u010dn\u00fdch odborn\u00fdch kvalit a dlouhodob\u00e9ho p\u0159\u00ednosu pro klienty. Z\u00e1rove\u0148 potvrzuje na\u0161i strategii trvale poskytovat \u0161pi\u010dkov\u00e9 pr\u00e1vn\u00ed slu\u017eby na nejvy\u0161\u0161\u00ed \u00farovni,\u201c <\/em>uvedl za kancel\u00e1\u0159 ROWAN LEGAL partner Milo\u0161 Ol\u00edk.<\/p>\n\n\n\n<p><em>Foto: ROWAN LEGAL<\/em><\/p>\n","protected":false},"excerpt":{"rendered":"<p>Advok\u00e1tn\u00ed kancel\u00e1\u0159 ROWAN LEGAL s pot\u011b\u0161en\u00edm oznamuje \u0159adu nov\u00fdch pov\u00fd\u0161en\u00ed. Ji\u0159\u00ed M\u0148uk byl jmenov\u00e1n Managing Associate, Jakub Z\u00e1myslick\u00fd spolu s<\/p>\n","protected":false},"author":1,"featured_media":2023,"comment_status":"open","ping_status":"open","sticky":false,"template":"","format":"standard","meta":{"colormag_page_container_layout":"default_layout","colormag_page_sidebar_layout":"default_layout"},"categories":[58],"tags":[218,203,98],"_links":{"self":[{"href":"https:\/\/www.iforbes.cz\/index.php\/wp-json\/wp\/v2\/posts\/2022"}],"collection":[{"href":"https:\/\/www.iforbes.cz\/index.php\/wp-json\/wp\/v2\/posts"}],"about":[{"href":"https:\/\/www.iforbes.cz\/index.php\/wp-json\/wp\/v2\/types\/post"}],"author":[{"embeddable":true,"href":"https:\/\/www.iforbes.cz\/index.php\/wp-json\/wp\/v2\/users\/1"}],"replies":[{"embeddable":true,"href":"https:\/\/www.iforbes.cz\/index.php\/wp-json\/wp\/v2\/comments?post=2022"}],"version-history":[{"count":1,"href":"https:\/\/www.iforbes.cz\/index.php\/wp-json\/wp\/v2\/posts\/2022\/revisions"}],"predecessor-version":[{"id":2024,"href":"https:\/\/www.iforbes.cz\/index.php\/wp-json\/wp\/v2\/posts\/2022\/revisions\/2024"}],"wp:featuredmedia":[{"embeddable":true,"href":"https:\/\/www.iforbes.cz\/index.php\/wp-json\/wp\/v2\/media\/2023"}],"wp:attachment":[{"href":"https:\/\/www.iforbes.cz\/index.php\/wp-json\/wp\/v2\/media?parent=2022"}],"wp:term":[{"taxonomy":"category","embeddable":true,"href":"https:\/\/www.iforbes.cz\/index.php\/wp-json\/wp\/v2\/categories?post=2022"},{"taxonomy":"post_tag","embeddable":true,"href":"https:\/\/www.iforbes.cz\/index.php\/wp-json\/wp\/v2\/tags?post=2022"}],"curies":[{"name":"wp","href":"https:\/\/api.w.org\/{rel}","templated":true}]}}