{"id":2060,"date":"2025-05-29T09:53:56","date_gmt":"2025-05-29T09:53:56","guid":{"rendered":"https:\/\/www.iforbes.cz\/?p=2060"},"modified":"2025-05-29T09:53:56","modified_gmt":"2025-05-29T09:53:56","slug":"poslankyne-mala-hajila-v-podcastu-navrh-detskych-certifikatu","status":"publish","type":"post","link":"https:\/\/www.iforbes.cz\/index.php\/2025\/05\/29\/poslankyne-mala-hajila-v-podcastu-navrh-detskych-certifikatu\/","title":{"rendered":"Poslankyn\u011b Mal\u00e1 h\u00e1jila v podcastu n\u00e1vrh d\u011btsk\u00fdch certifik\u00e1t\u016f"},"content":{"rendered":"\n<p><strong>N\u00e1vrh na zaveden\u00ed tzv. d\u011btsk\u00e9ho certifik\u00e1tu, kter\u00fd by br\u00e1nil osob\u00e1m odsouzen\u00fdm za vybran\u00e9 trestn\u00e9 \u010diny v pr\u00e1ci s d\u011btmi, rozd\u011bluje odbornou i politickou ve\u0159ejnost. Poslankyn\u011b Ta\u0165\u00e1na Mal\u00e1 (ANO), jedna z autorek n\u00e1vrhu, tvrd\u00ed, \u017ee nejde o trest, ale o preventivn\u00ed opat\u0159en\u00ed ve ve\u0159ejn\u00e9m z\u00e1jmu. Kritici ale upozor\u0148uj\u00ed na retroaktivn\u00ed \u00fa\u010dinky, riziko stigmatizace i pr\u00e1vn\u00ed nejistotu. V&nbsp;nov\u00e9m d\u00edlu podcastu <em>Slep\u00e1 spravedlnost<\/em> ji na toto t\u00e9ma konfrontoval advok\u00e1t a moder\u00e1tor Petr Toman, kter\u00fd m\u00e1 k&nbsp;n\u00e1vrhu \u010detn\u00e9 v\u00fdhrady. Mal\u00e1 na n\u011b otev\u0159en\u011b reaguje a p\u0159izn\u00e1v\u00e1 i n\u011bkter\u00e1 slab\u00e1 m\u00edsta n\u00e1vrhu.<\/strong><\/p>\n\n\n\n<p>Poslankyn\u011b Ta\u0165\u00e1na Mal\u00e1 (ANO) je jednou z hlavn\u00edch inici\u00e1torek a autorek n\u00e1vrhu, kter\u00fd do \u010desk\u00e9ho pr\u00e1vn\u00edho \u0159\u00e1du zavede institut tzv. d\u011btsk\u00e9ho certifik\u00e1tu. Zjednodu\u0161en\u011b \u0159e\u010deno p\u016fjde o evidenci osob odsouzen\u00fdch za n\u011bkter\u00e9 vybran\u00e9 trestn\u00e9 \u010diny, v\u011bt\u0161inou sexu\u00e1ln\u00ed \u010di n\u00e1siln\u00e9, na jej\u00edm\u017e z\u00e1klad\u011b jim bude znemo\u017en\u011bno pracovat s d\u011btmi. <em>\u201eD\u011btsk\u00fd certifik\u00e1t m\u00e1 zabr\u00e1nit pr\u00e1ci sexu\u00e1ln\u00edch delikvent\u016f a n\u00e1siln\u00edk\u016f s d\u011btmi, co\u017e dneska nen\u00ed samoz\u0159ejmost,\u201c<\/em> vysv\u011btluje poslankyn\u011b Mal\u00e1 hlavn\u00ed smysl nov\u00e9 legislativy. Novinka se ov\u0161em setk\u00e1v\u00e1 i s kritikou, nap\u0159\u00edklad za to, \u017ee nevyhnuteln\u011b bude p\u016fsobit retroaktivn\u011b.<\/p>\n\n\n\n<p><em>\u201eBohu\u017eel se za\u010daly objevovat a byly medi\u00e1ln\u011b zve\u0159ej\u0148ov\u00e1ny p\u0159\u00edpady lid\u00ed, kte\u0159\u00ed m\u011bli trestn\u00ed minulost a potom zneu\u017e\u00edvali d\u011bti p\u0159i v\u00fdkonu sv\u00e9 pr\u00e1ce,\u201c<\/em> p\u0159ipom\u00edn\u00e1 Mal\u00e1 kauzy, kter\u00e9 rezonovaly medi\u00e1ln\u00edm prostorem. \u0160lo o r\u016fzn\u00e9 p\u0159\u00edpady zneu\u017e\u00edv\u00e1n\u00ed d\u011bt\u00ed ze strany tren\u00e9r\u016f, vedouc\u00edch krou\u017ek\u016f \u010di pracovn\u00edk\u016f r\u016fzn\u00fdch spolk\u016f. A\u010d je Ta\u0165\u00e1na Mal\u00e1 p\u0159edstavitelkou sn\u011bmovn\u00ed opozice, d\u011btsk\u00e9 certifik\u00e1ty jsou legislativn\u00edm n\u00e1vrhem, kter\u00fd vznik\u00e1 za intenzivn\u00ed spolupr\u00e1ce podv\u00fdboru pro problematiku dom\u00e1c\u00edho a sexu\u00e1ln\u00edho n\u00e1sil\u00ed s Ministerstvem spravedlnosti \u010cR. Jde tedy o n\u00e1vrh, na kter\u00e9m je shoda nap\u0159\u00ed\u010d politick\u00fdm spektrem.<\/p>\n\n\n\n<p><strong>Je certifik\u00e1t trest nebo ne?<\/strong><\/p>\n\n\n\n<p>Je pot\u0159eba d\u016fsledn\u011b zd\u016fraznit, \u017ee d\u011btsk\u00fd certifik\u00e1t m\u00e1 povahu v\u00fdpisu z evidence, nikoliv trestu. Prim\u00e1rn\u011b m\u00e1 certifik\u00e1t reflektovat, zda byl doty\u010dn\u00fd v minulosti pravomocn\u011b odsouzen za ur\u010dit\u00fd trestn\u00fd \u010din. Podstatn\u00e1 je p\u0159itom trestn\u00ed sazba, ve kter\u00e9 byl trest pachateli ud\u011blen. <em>\u201ePokud je sazba trestn\u00e9ho \u010dinu do p\u011bti let, tak ten z\u00e1pis maj\u00ed dvacetilet\u00fd. A pokud je nad p\u011bt let, tak je do\u017eivotn\u00ed \u2013 prakticky to je stolet\u00fd z\u00e1pis,\u201c<\/em> vysv\u011btluje Mal\u00e1. Do evidence maj\u00ed b\u00fdt zaps\u00e1ni v\u0161ichni, kdo byli za tyto trestn\u00e9 \u010diny odsouzeni od roku 2005, co\u017e je p\u0159edm\u011btem kritiky n\u011bkter\u00fdch odborn\u00edk\u016f.<\/p>\n\n\n\n<p>D\u011btsk\u00fd certifik\u00e1t se nicm\u00e9n\u011b nevztahuje pouze na sexu\u00e1ln\u00ed trestn\u00e9 \u010diny, v\u00fd\u010det byl roz\u0161\u00ed\u0159en i o n\u011bkter\u00e9 dal\u0161\u00ed z\u00e1va\u017en\u00e9 trestn\u00e9 \u010diny, v\u010detn\u011b t\u011b\u017ek\u00e9ho ubl\u00ed\u017een\u00ed na zdrav\u00ed. Podle Mal\u00e9 jde o reakci na p\u0159ipom\u00ednky z ODS, kter\u00e1 cht\u011bla zabr\u00e1nit tomu, aby kdokoliv s certifik\u00e1tem byl automaticky pova\u017eov\u00e1n za pedofila. Opozi\u010dn\u00ed poslankyn\u011b nicm\u00e9n\u011b s t\u00edmto roz\u0161\u00ed\u0159en\u00edm souhlas\u00ed. \u201e<em>J\u00e1 t\u0159eba nechci, aby d\u011bti na fotbale tr\u00e9noval tren\u00e9r, kter\u00fd n\u011bkomu rozbil p\u016fllitr o hlavu v hospod\u011b, proto\u017ee ti lid\u00e9 d\u00e1vaj\u00ed t\u011bm d\u011btem n\u011bjak\u00fd vzor,\u201c<\/em> nam\u00edt\u00e1. Z\u00e1rove\u0148 striktn\u011b odm\u00edt\u00e1, \u017ee by m\u011blo j\u00edt o trest. D\u011btsk\u00e9 certifik\u00e1ty vn\u00edm\u00e1 jako jak\u00e9si roz\u0161\u00ed\u0159en\u00ed podm\u00ednek bez\u00fahonnosti. Rozhodnut\u00ed, zda n\u011bkdo bude m\u00edt z\u00e1pis, nebo ne, je p\u0159itom st\u00e1le na soudech.<\/p>\n\n\n\n<p><strong>Obavy z&nbsp;nejistoty a stigmatizace<\/strong><\/p>\n\n\n\n<p>Ji\u017e n\u011bkolikr\u00e1t zm\u00edn\u011bn\u00fd retroaktivn\u00ed \u00fa\u010dinek je z\u0159ejm\u011b nejkontroverzn\u011bj\u0161\u00edm aspektem d\u011btsk\u00fdch certifik\u00e1t\u016f. Z\u00e1pisy by se m\u011bly t\u00fdkat v\u0161ech osob odsouzen\u00fdch od roku 2005 \u2013 tedy i t\u011bch, jejich\u017e tresty u\u017e byly zahlazeny. Objevuje se kritika \u2013 se kterou souzn\u00ed i moder\u00e1to\u0159i podcastu <em>Slep\u00e1 spravedlnost<\/em> Petr a \u0160imon Tomanovi \u2013 \u017ee tato \u00faprava nabour\u00e1v\u00e1 princip pr\u00e1vn\u00ed jistoty a legitimn\u00edho o\u010dek\u00e1v\u00e1n\u00ed, \u017ee zahlazen\u00edm trestu dojde i ke \u201esmaz\u00e1n\u00ed\u201c trestn\u011bpr\u00e1vn\u00ed minulosti. Ta\u0165\u00e1na Mal\u00e1 ale tuto kritiku odm\u00edt\u00e1. \u201eBez toho zp\u011btn\u00e9ho z\u00e1pisu by to ned\u00e1valo v\u016fbec \u017e\u00e1dn\u00fd smysl,\u201c tvrd\u00ed razantn\u011b.<\/p>\n\n\n\n<p>Spolumoder\u00e1tor a renomovan\u00fd advok\u00e1t Petr Toman je nicm\u00e9n\u011b jin\u00e9ho n\u00e1zoru. Na nedostatky d\u011btsk\u00fdch certifik\u00e1t\u016f upozor\u0148uje ji\u017e del\u0161\u00ed dobu \u2013 v&nbsp;minulosti je dokonce nev\u00e1hal ozna\u010dit za \u201etrest del\u0161\u00ed ne\u017e do\u017eivot\u00ed\u201c Vad\u00ed mu hlavn\u011b to, \u017ee n\u00e1vrh z\u00e1kona umo\u017e\u0148uje z\u00e1pis do evidence i v&nbsp;p\u0159\u00edpad\u011b osob, jejich\u017e tresty byly ji\u017e zahlazeny. Toman d\u00e1le kritizuje, \u017ee do evidence mohou b\u00fdt zaps\u00e1ny i osoby, kter\u00e9 se nedopustily trestn\u00e9ho \u010dinu per se. <em>\u201eDo evidence m\u00e1 b\u00fdt zaps\u00e1n i ten, kdo sp\u00e1chal \u010din jinak trestn\u00fd \u2013 tedy nap\u0159\u00edklad ten, kdo jednal v nutn\u00e9 obran\u011b nebo krajn\u00ed nouzi. To znamen\u00e1, \u017ee by mohl b\u00fdt vylou\u010den z pr\u00e1ce s d\u011btmi i n\u011bkdo, koho soud nikdy neuznal vinn\u00fdm z trestn\u00e9ho \u010dinu,\u201c<\/em> varuje Toman s&nbsp;t\u00edm, \u017ee takov\u00fd p\u0159\u00edstup odporuje z\u00e1sad\u00e1m pr\u00e1vn\u00edho st\u00e1tu.<\/p>\n\n\n\n<p>Podle Mal\u00e9 je nicm\u00e9n\u011b \u017e\u00e1douc\u00ed, aby pr\u00e1ce s d\u011btmi nebyla umo\u017en\u011bna t\u011bm, u kter\u00fdch do\u0161lo \u201epouze\u201c k zahlazen\u00ed trestu, z\u00e1rove\u0148 v\u011b\u0159\u00ed, \u017ee se to net\u00fdk\u00e1 velk\u00e9 \u010d\u00e1sti populace. <em>\u201eBav\u00edme se o 20 tis\u00edc\u00edch lidech. Netrouf\u00e1m si odhadnout, kolik z nich pracuje s d\u011btmi. Ale neo\u010dek\u00e1v\u00e1m, \u017ee v \u010cesk\u00e9 republice pracuje s d\u011btmi velk\u00e9 mno\u017estv\u00ed lid\u00ed, kte\u0159\u00ed byli odsouzeni za \u00famysln\u00e9 nebo sexu\u00e1ln\u00ed trestn\u00e9 \u010diny,\u201c<\/em> nam\u00edt\u00e1 Mal\u00e1. Ka\u017ed\u00fd se z\u00e1pisem m\u00e1 nav\u00edc mo\u017enost po\u017e\u00e1dat soud o p\u0159ezkum. <em>\u201eTo byla v\u011bc, kter\u00e1 pro n\u00e1s byla hrozn\u011b d\u016fle\u017eit\u00e1,\u201c<\/em> dod\u00e1v\u00e1 poslankyn\u011b. Retroaktivita nicm\u00e9n\u011b nen\u00ed jedinou v\u00fdtkou v\u016f\u010di d\u011btsk\u00fdm certifik\u00e1t\u016fm.<\/p>\n\n\n\n<p>Obavy panuj\u00ed i ohledn\u011b stigmatizace odsouzen\u00fdch. Z\u00e1pis v evidenci by toti\u017e nem\u011bl zmi\u0148ovat konkr\u00e9tn\u00ed trestn\u00e9 \u010diny, co\u017e otev\u00edr\u00e1 prostor pro v\u0161emo\u017en\u00e9 n\u00e1lepkov\u00e1n\u00ed \u2013 prim\u00e1rn\u011b na mysl asi vytanou p\u0159edev\u0161\u00edm nepodlo\u017een\u00e1 na\u0159\u010den\u00ed z pedofilie. V extr\u00e9mn\u00edch p\u0159\u00edpadech by to mohlo v\u00e9st k tomu, \u017ee n\u011bkte\u0159\u00ed lid\u00e9 budou p\u0159ich\u00e1zet o pr\u00e1ci na z\u00e1klad\u011b nepodlo\u017een\u00fdch n\u00e1lepek a spekulac\u00ed. Pojistkou proti tomuto je dle Ta\u0165\u00e1ny Mal\u00e9 zm\u00edn\u011bn\u00fd soudn\u00ed p\u0159ezkum, nicm\u00e9n\u011b cel\u00e1 konstrukce d\u00e1le p\u0159i\u017eivuje diskuzi o tom, zda m\u00e1 d\u011btsk\u00fd certifik\u00e1t skute\u010dn\u011b pouze povahu roz\u0161\u00ed\u0159en\u00ed bez\u00fahonnosti, nebo zda u\u017e jde o regul\u00e9rn\u00ed trest.<\/p>\n\n\n\n<p><strong>Opomenut\u00e1 pornografie<\/strong><\/p>\n\n\n\n<p>To, \u017ee n\u00e1vrh legislativy nen\u00ed dokonal\u00fd a \u017ee pravd\u011bpodobn\u011b v budoucnu dojde k d\u00edl\u010d\u00edm \u00faprav\u00e1m, v podcastu <em>Slep\u00e1 spravedlnost<\/em> p\u0159ipustila i sama Mal\u00e1. Osobn\u011b za nejv\u011bt\u0161\u00ed nedostatek pova\u017euje, \u017ee mezi zapisovan\u00fdmi trestn\u00fdmi \u010diny nefiguruje v\u00fdroba a jin\u00e9 nakl\u00e1d\u00e1n\u00ed s d\u011btskou pornografi\u00ed. <em>\u201eTa pornografie n\u00e1m utekla, a to si mysl\u00edm, \u017ee tam ur\u010dit\u011b b\u00fdt m\u011blo. J\u00e1 t\u0159eba je\u0161t\u011b trvala na tom, aby tam bylo dopln\u011bno t\u00fdr\u00e1n\u00ed sv\u011b\u0159en\u00e9 osoby, co\u017e pova\u017euji za z\u00e1sadn\u00ed,\u201c<\/em> p\u0159izn\u00e1v\u00e1. Z\u00e1kon podle n\u00ed nicm\u00e9n\u011b obsahuje mechanismy, kter\u00e9 soud\u016fm umo\u017e\u0148uj\u00ed rozhodnout o z\u00e1pisu i mimo dan\u00fd v\u00fd\u010det.<\/p>\n\n\n\n<p><em>\u201eUvid\u00edme, co uk\u00e1\u017ee praxe. Pokud budou pot\u0159eba zm\u011bny, ur\u010dit\u011b jsme ochotni o tom je\u0161t\u011b diskutovat,\u201c<\/em> p\u0159ipou\u0161t\u00ed opozi\u010dn\u00ed poslankyn\u011b, kter\u00e1 \u010d\u00e1st kritiky proti z\u00e1konu vn\u00edm\u00e1 jako politicky motivovanou. Proti n\u00e1vrhu vystoupil nap\u0159\u00edklad poslanec ODS Marek Benda, kter\u00fd jej ost\u0159e zkritizoval, a\u010d podle Mal\u00e9 d\u0159\u00edve navrhoval v podstat\u011b toto\u017enou \u00fapravu. Nicm\u00e9n\u011b pot\u00e9 se on s\u00e1m stal ter\u010dem \u00fatok\u016f, \u017ee vystupuje jako obh\u00e1jce n\u00e1siln\u00edk\u016f. <em>\u201eMysl\u00edm, \u017ee Marek je dost ost\u0159\u00edlen\u00fd politik a hr\u00e1\u010d na to, aby to zvl\u00e1dl. On s\u00e1m p\u0159edlo\u017eil \u00fapln\u011b stejn\u00fd n\u00e1vrh jako my \u2013 krom\u011b d\u00e9lky z\u00e1pisu,\u201c<\/em> podot\u00fdk\u00e1 Mal\u00e1.<\/p>\n\n\n\n<p>Podle poslankyn\u011b za ANO by ale medi\u00e1ln\u00ed p\u0159est\u0159elky nem\u011bly zast\u00ednit hlavn\u00ed smysl nov\u00e9ho z\u00e1kona \u2013 ochranu d\u011bt\u00ed jako t\u00e9 nejzraniteln\u011bj\u0161\u00ed spole\u010densk\u00e9 skupiny<em>. \u201eByli jsme ozna\u010deni za aktivistick\u00e9 princezny. Co\u017e je vtipn\u00e9, ale je pot\u0159eba \u0159\u00edct, \u017ee mezi t\u011bmi princeznami jsou i aktivisti\u010dt\u00ed princov\u00e9,\u201c<\/em> zmi\u0148uje Ta\u0165\u00e1na Mal\u00e1 a dod\u00e1v\u00e1: <em>\u201eKdo d\u00e1v\u00e1 t\u011bm d\u011btem tu druhou \u0161anci? To jsou fakt v\u011bci, kter\u00e9, kdy\u017e se n\u011bkomu stanou, tak se s n\u00edm t\u00e1hnou a\u017e do konce \u017eivota.\u201c<\/em><\/p>\n\n\n<p><iframe loading=\"lazy\" title=\"Ta\u0165\u00e1na Mal\u00e1: D\u011btsk\u00fd certifik\u00e1t, n\u00e1hubkov\u00fd paragraf a ne\u010dekan\u00e9 hodnocen\u00ed ministra Bla\u017eka\" width=\"800\" height=\"450\" src=\"https:\/\/www.youtube.com\/embed\/eftg4jOQm4o?list=PLyO71EiWYSDp189b0FouRWNdIu-N8TMqs\" frameborder=\"0\" allow=\"accelerometer; autoplay; clipboard-write; encrypted-media; gyroscope; picture-in-picture; web-share\" referrerpolicy=\"strict-origin-when-cross-origin\" allowfullscreen><\/iframe><\/p>\n\n\n\n<p>Podcast <a href=\"https:\/\/www.slepaspravedlnost.cz\/\" target=\"_blank\" rel=\"noreferrer noopener\">Slep\u00e1 spravedlnost<\/a> se zam\u011b\u0159uje na osudy a p\u0159\u00edb\u011bhy osob, kter\u00fdm do \u017eivota vstoupilo trestn\u00ed st\u00edh\u00e1n\u00ed. Klade si za c\u00edl hovo\u0159it o vin\u011b a trestu, ale i o \u201etrestu bez viny\u201c. Podcastem prov\u00e1z\u00ed renomovan\u00fd advok\u00e1t JUDr. Petr Toman se sv\u00fdm synem Mgr. \u0160imonem Tomanem. Cel\u00fd projekt Slep\u00e1 spravedlnost vznik\u00e1 za podpory advok\u00e1tn\u00ed kancel\u00e1\u0159e <a href=\"https:\/\/www.chrenektomankotrba.cz\/\" target=\"_blank\" rel=\"noreferrer noopener\">Chrenek, Toman, Kotrba<\/a>.<\/p>\n\n\n\n<p><em>Foto: CHTK<\/em><\/p>\n","protected":false},"excerpt":{"rendered":"<p>N\u00e1vrh na zaveden\u00ed tzv. d\u011btsk\u00e9ho certifik\u00e1tu, kter\u00fd by br\u00e1nil osob\u00e1m odsouzen\u00fdm za vybran\u00e9 trestn\u00e9 \u010diny v pr\u00e1ci s d\u011btmi, rozd\u011bluje<\/p>\n","protected":false},"author":1,"featured_media":2061,"comment_status":"open","ping_status":"open","sticky":false,"template":"","format":"standard","meta":{"colormag_page_container_layout":"default_layout","colormag_page_sidebar_layout":"default_layout"},"categories":[58],"tags":[204,317,282,199,203,202,316],"_links":{"self":[{"href":"https:\/\/www.iforbes.cz\/index.php\/wp-json\/wp\/v2\/posts\/2060"}],"collection":[{"href":"https:\/\/www.iforbes.cz\/index.php\/wp-json\/wp\/v2\/posts"}],"about":[{"href":"https:\/\/www.iforbes.cz\/index.php\/wp-json\/wp\/v2\/types\/post"}],"author":[{"embeddable":true,"href":"https:\/\/www.iforbes.cz\/index.php\/wp-json\/wp\/v2\/users\/1"}],"replies":[{"embeddable":true,"href":"https:\/\/www.iforbes.cz\/index.php\/wp-json\/wp\/v2\/comments?post=2060"}],"version-history":[{"count":1,"href":"https:\/\/www.iforbes.cz\/index.php\/wp-json\/wp\/v2\/posts\/2060\/revisions"}],"predecessor-version":[{"id":2062,"href":"https:\/\/www.iforbes.cz\/index.php\/wp-json\/wp\/v2\/posts\/2060\/revisions\/2062"}],"wp:featuredmedia":[{"embeddable":true,"href":"https:\/\/www.iforbes.cz\/index.php\/wp-json\/wp\/v2\/media\/2061"}],"wp:attachment":[{"href":"https:\/\/www.iforbes.cz\/index.php\/wp-json\/wp\/v2\/media?parent=2060"}],"wp:term":[{"taxonomy":"category","embeddable":true,"href":"https:\/\/www.iforbes.cz\/index.php\/wp-json\/wp\/v2\/categories?post=2060"},{"taxonomy":"post_tag","embeddable":true,"href":"https:\/\/www.iforbes.cz\/index.php\/wp-json\/wp\/v2\/tags?post=2060"}],"curies":[{"name":"wp","href":"https:\/\/api.w.org\/{rel}","templated":true}]}}