{"id":2081,"date":"2025-06-29T16:05:30","date_gmt":"2025-06-29T16:05:30","guid":{"rendered":"https:\/\/www.iforbes.cz\/?p=2081"},"modified":"2025-06-29T16:05:30","modified_gmt":"2025-06-29T16:05:30","slug":"tesco-otevrelo-novou-prodejnu-ve-veseli-nad-luznici","status":"publish","type":"post","link":"https:\/\/www.iforbes.cz\/index.php\/2025\/06\/29\/tesco-otevrelo-novou-prodejnu-ve-veseli-nad-luznici\/","title":{"rendered":"Tesco otev\u0159elo novou prodejnu ve Vesel\u00ed nad Lu\u017enic\u00ed"},"content":{"rendered":"\n<p><strong>Tesco znovu p\u0159iv\u00edtalo z\u00e1kazn\u00edky ve zcela modernizovan\u00e9 prodejn\u011b ve Vesel\u00ed nad Lu\u017enic\u00ed. Rekonstrukce p\u0159inesla nov\u00fd vzhled, \u00fasporn\u011bj\u0161\u00ed provoz a \u0159adu vylep\u0161en\u00ed, je\u017e pot\u011b\u0161\u00ed z\u00e1kazn\u00edky i zam\u011bstnance. <\/strong>&nbsp;<strong>V duchu sv\u00e9ho z\u00e1vazku b\u00fdt dobr\u00fdm sousedem v\u011bnovalo Tesco p\u0159i t\u00e9to p\u0159\u00edle\u017eitosti 50 000 K\u010d m\u00edstn\u00edmu skautsk\u00e9mu st\u0159edisku Racek. Na oslavu p\u0159em\u011bny p\u0159ipravilo i speci\u00e1ln\u00ed akci pro z\u00e1kazn\u00edky: dr\u017eitel\u00e9 Clubcard z\u00edskaj\u00ed b\u011bhem prvn\u00edho t\u00fddne slevu 20 % na cel\u00fd n\u00e1kup.<\/strong><\/p>\n\n\n\n<p><strong>Modern\u00ed design, maxim\u00e1ln\u00ed komfort a ohleduplnost k<\/strong><strong>&nbsp;<\/strong><strong>p\u0159\u00edrod\u011b<\/strong><\/p>\n\n\n\n<p>Prodejna pro\u0161la rozs\u00e1hlou prom\u011bnou \u2013 od nov\u00e9ho designu p\u0159es p\u0159ehledn\u011bj\u0161\u00ed uspo\u0159\u00e1d\u00e1n\u00ed a\u017e po ekologicky \u0161etrn\u00e9 technologie. Zm\u011bny jsou viditeln\u00e9 na prvn\u00ed pohled: nov\u00e1 fas\u00e1da s logem, \u0161ed\u00e1 podlaha a modern\u00ed reg\u00e1ly vytv\u00e1\u0159ej\u00ed p\u0159\u00edjemn\u011bj\u0161\u00ed n\u00e1kupn\u00ed prost\u0159ed\u00ed.<\/p>\n\n\n\n<p><em>\u201eNa\u0161\u00edm c\u00edlem p\u0159i rekonstrukci prodejny bylo nejen zp\u0159\u00edjemnit prost\u0159ed\u00ed pro z\u00e1kazn\u00edky a kolegy, ale z\u00e1rove\u0148 p\u0159in\u00e9st provoz ohledupln\u011bj\u0161\u00ed k p\u0159\u00edrod\u011b. Nejv\u00fdrazn\u011bj\u0161\u00ed prom\u011bnu jsme ud\u011blali v odd\u011blen\u00ed \u010derstv\u00fdch potravin, kde jsou nyn\u00ed ovoce, zelenina i pe\u010divo nov\u011b spojeny v jeden p\u0159ehledn\u00fd celek pro maxim\u00e1ln\u00ed pohodl\u00ed b\u011bhem n\u00e1kupu. V sortimentu se zam\u011b\u0159ujeme na kvalitn\u00ed potraviny za dostupn\u00e9 ceny s d\u016frazem na sez\u00f3nn\u00ed nab\u00eddku,\u201c <\/em>\u0159ekl Pavol Hal\u00e1sz, produktov\u00fd \u0159editel Tesco \u010cR.<\/p>\n\n\n\n<p>Prom\u011bnou pro\u0161lo i m\u00f3dn\u00ed odd\u011blen\u00ed F&amp;F, kter\u00e9 nab\u00edz\u00ed trendy kousky za p\u0159\u00edzniv\u00e9 ceny. V\u00fdznamnou novinkou je tak\u00e9 upraven\u00e1 pokladn\u00ed z\u00f3na s mo\u017enost\u00ed vyu\u017eit\u00ed syst\u00e9mu Scan&amp;Shop, kter\u00fd z\u00e1kazn\u00edk\u016fm umo\u017e\u0148uje rychlej\u0161\u00ed a pohodln\u011bj\u0161\u00ed pr\u016fchod prodejnou.<\/p>\n\n\n\n<p>Velk\u00fd d\u016fraz byl kladen i na ekologii \u2013 energeticky \u00fasporn\u00e9 LED osv\u011btlen\u00ed, chladic\u00ed za\u0159\u00edzen\u00ed s chladivem CO\u2082 a nov\u00e9 lednice s dve\u0159mi v\u00fdrazn\u011b sni\u017euj\u00ed spot\u0159ebu energie.<\/p>\n\n\n\n<p><strong>Lep\u0161\u00ed z\u00e1zem\u00ed pro zam\u011bstnance a siln\u011bj\u0161\u00ed vztahy s<\/strong><strong>&nbsp;<\/strong><strong>komunitou<\/strong><\/p>\n\n\n\n<p>Modernizace p\u0159inesla zlep\u0161en\u00ed tak\u00e9 pro zam\u011bstnance. Ti nyn\u00ed vyu\u017e\u00edvaj\u00ed nov\u011b zrekonstruovan\u00e9 a komfortn\u011bj\u0161\u00ed z\u00e1zem\u00ed. V prodejn\u011b pracuje 17 zam\u011bstnanc\u016f a 11 brig\u00e1dn\u00edk\u016f.<\/p>\n\n\n\n<p><em>\u201eTesco chce b\u00fdt dobr\u00fdm sousedem v\u0161ude, kde p\u016fsob\u00edme, a proto aktivn\u011b podporujeme m\u00edstn\u00ed komunity. U p\u0159\u00edle\u017eitosti znovuotev\u0159en\u00ed prodejny jsme v\u011bnovali finan\u010dn\u00ed dar 50 000 K\u010d skautsk\u00e9mu st\u0159edisku Racek. To hraje d\u016fle\u017eitou roli v rozvoji d\u011bt\u00ed a mlad\u00fdch lid\u00ed, u\u010d\u00ed je odpov\u011bdnosti, dovednostem a p\u0159\u00e1telstv\u00ed.<\/em> <em>Stejn\u011b jako na\u0161e grantov\u00e1 iniciativa Spr\u00e1vn\u00fd start, kter\u00e1 pom\u00e1h\u00e1 d\u011btem a mlad\u00fdm lidem, zejm\u00e9na t\u011bm, kte\u0159\u00ed to nemaj\u00ed jednoduch\u00e9,\u201c <\/em>uvedla p\u0159i otev\u0159en\u00ed Zuzana Grin\u010dov\u00e1, marketingov\u00e1 \u0159editelka Tesco \u010cR.<\/p>\n\n\n\n<p><strong>Boj proti pl\u00fdtv\u00e1n\u00ed potravinami<\/strong><\/p>\n\n\n\n<p>Tesco dlouhodob\u011b pat\u0159\u00ed mezi l\u00eddry v boji proti pl\u00fdtv\u00e1n\u00ed. Ze v\u0161ech sv\u00fdch provozoven daruje neprodan\u00e9 p\u0159ebytky potravin potravinov\u00fdm bank\u00e1m, kter\u00e9 je distribuuj\u00ed pot\u0159ebn\u00fdm. Jen v lo\u0148sk\u00e9m roce tak pomohlo v\u00edce ne\u017e 300 tis\u00edc\u016fm lid\u00ed 4,6 milionu porc\u00ed j\u00eddla. Neprodan\u00e9 p\u0159ebytky z&nbsp;prodejny ve Vesel\u00ed nad Lu\u017enic\u00ed putuj\u00ed do Potravinov\u00e9 banky Jiho\u010desk\u00e9ho kraje.<\/p>\n\n\n\n<p><strong>Slavnostn\u00ed otev\u0159en\u00ed a atraktivn\u00ed nab\u00eddky<\/strong><\/p>\n\n\n\n<p>Slavnostn\u00edho znovuotev\u0159en\u00ed prodejny Tesco se z\u00fa\u010dastnili m\u00edstostarosta m\u011bsta Vesel\u00ed nad Lu\u017enic\u00ed \u2013 Ladislav S\u00fdkora, z\u00e1stupce vedouc\u00edho skautsk\u00e9ho st\u0159ediska Racek \u2013 Marek Vondru\u0161ka, marketingov\u00e1 \u0159editelka spole\u010dnosti Tesco \u010cR \u2013 Zuzana Grin\u010dov\u00e1, produktov\u00fd \u0159editel Tesco \u010cR &#8211; Pavol Hal\u00e1sz a vedouc\u00ed prodejny Tesco Vesel\u00ed nad Lu\u017enic\u00ed &#8211; Ladislav Senfeld.<\/p>\n\n\n\n<p>Z\u00e1kazn\u00edci mohou od 25. \u010dervna do 1. \u010dervence vyu\u017e\u00edt slevu 20 % s kartou Clubcard na cel\u00fd n\u00e1kup. V n\u00e1sleduj\u00edc\u00edch t\u0159ech t\u00fddnech pak budou postupn\u011b p\u0159edstaveny rovn\u011b\u017e slevy 20 % s kartou Clubcard ale pro vybran\u00e9 kategorie produkt\u016f.<\/p>\n\n\n\n<p>Modernizovan\u00e1 prodejna ve Vesel\u00ed nad Lu\u017enic\u00ed tak p\u0159in\u00e1\u0161\u00ed nejen p\u0159\u00edjemn\u011bj\u0161\u00ed nakupov\u00e1n\u00ed, ale i udr\u017eiteln\u011bj\u0161\u00ed a efektivn\u011bj\u0161\u00ed provoz, kter\u00fd ocen\u00ed nejen z\u00e1kazn\u00edci, ale i cel\u00e1 komunitn\u00ed oblast.<\/p>\n\n\n\n<p><em>Foto: Tesco<\/em><\/p>\n","protected":false},"excerpt":{"rendered":"<p>Tesco znovu p\u0159iv\u00edtalo z\u00e1kazn\u00edky ve zcela modernizovan\u00e9 prodejn\u011b ve Vesel\u00ed nad Lu\u017enic\u00ed. Rekonstrukce p\u0159inesla nov\u00fd vzhled, \u00fasporn\u011bj\u0161\u00ed provoz a \u0159adu<\/p>\n","protected":false},"author":1,"featured_media":2082,"comment_status":"open","ping_status":"open","sticky":false,"template":"","format":"standard","meta":{"colormag_page_container_layout":"default_layout","colormag_page_sidebar_layout":"default_layout"},"categories":[58],"tags":[232,112,111,321],"_links":{"self":[{"href":"https:\/\/www.iforbes.cz\/index.php\/wp-json\/wp\/v2\/posts\/2081"}],"collection":[{"href":"https:\/\/www.iforbes.cz\/index.php\/wp-json\/wp\/v2\/posts"}],"about":[{"href":"https:\/\/www.iforbes.cz\/index.php\/wp-json\/wp\/v2\/types\/post"}],"author":[{"embeddable":true,"href":"https:\/\/www.iforbes.cz\/index.php\/wp-json\/wp\/v2\/users\/1"}],"replies":[{"embeddable":true,"href":"https:\/\/www.iforbes.cz\/index.php\/wp-json\/wp\/v2\/comments?post=2081"}],"version-history":[{"count":1,"href":"https:\/\/www.iforbes.cz\/index.php\/wp-json\/wp\/v2\/posts\/2081\/revisions"}],"predecessor-version":[{"id":2083,"href":"https:\/\/www.iforbes.cz\/index.php\/wp-json\/wp\/v2\/posts\/2081\/revisions\/2083"}],"wp:featuredmedia":[{"embeddable":true,"href":"https:\/\/www.iforbes.cz\/index.php\/wp-json\/wp\/v2\/media\/2082"}],"wp:attachment":[{"href":"https:\/\/www.iforbes.cz\/index.php\/wp-json\/wp\/v2\/media?parent=2081"}],"wp:term":[{"taxonomy":"category","embeddable":true,"href":"https:\/\/www.iforbes.cz\/index.php\/wp-json\/wp\/v2\/categories?post=2081"},{"taxonomy":"post_tag","embeddable":true,"href":"https:\/\/www.iforbes.cz\/index.php\/wp-json\/wp\/v2\/tags?post=2081"}],"curies":[{"name":"wp","href":"https:\/\/api.w.org\/{rel}","templated":true}]}}