{"id":2085,"date":"2025-07-02T08:24:42","date_gmt":"2025-07-02T08:24:42","guid":{"rendered":"https:\/\/www.iforbes.cz\/?p=2085"},"modified":"2025-07-02T08:24:42","modified_gmt":"2025-07-02T08:24:42","slug":"odborna-konference-zhodnotila-minulost-soucasnost-a-budoucnost-nove-zelene-usporam","status":"publish","type":"post","link":"https:\/\/www.iforbes.cz\/index.php\/2025\/07\/02\/odborna-konference-zhodnotila-minulost-soucasnost-a-budoucnost-nove-zelene-usporam\/","title":{"rendered":"Odborn\u00e1 konference zhodnotila minulost, sou\u010dasnost a budoucnost Nov\u00e9 zelen\u00e9 \u00faspor\u00e1m"},"content":{"rendered":"\n<p><strong>Dota\u010dn\u00ed program Nov\u00e1 zelen\u00e1 \u00faspor\u00e1m (NZ\u00da) v posledn\u00edch \u010dty\u0159ech letech v\u00fdznamn\u011b p\u0159isp\u011bl ke stabilizaci dom\u00e1c\u00ed ekonomiky a mobilizaci investic ze soukrom\u00e9ho sektoru. D\u00edky efektivn\u00edmu propojen\u00ed podpory energetick\u00fdch \u00faspor se syst\u00e9mem soci\u00e1ln\u00edch podpor p\u0159edstavuje v evropsk\u00e9m m\u011b\u0159\u00edtku jedine\u010dn\u00fd program, jak\u00fd zat\u00edm v&nbsp;Evrop\u011b nem\u00e1 obdoby. Shodli se na tom z\u00e1stupci st\u00e1tn\u00ed spr\u00e1vy, odborn\u00e9 ve\u0159ejnosti i z\u00e1stupc\u016f dodavatelsk\u00fdch firem na konferenci Nov\u00e1 zelen\u00e1 \u00faspor\u00e1m \u2013 trendy v podpo\u0159e renovac\u00ed bytov\u00e9ho sektoru 2030.<\/strong><\/p>\n\n\n\n<p>Sou\u010d\u00e1st\u00ed konference byl tak\u00e9 podpis memoranda o spolupr\u00e1ci mezi st\u00e1tem, odborn\u00fdmi asociacemi a&nbsp;partnery z praxe, jeho\u017e c\u00edlem je vz\u00e1jemn\u011b propojit kl\u00ed\u010dov\u00e9 akt\u00e9ry a vytvo\u0159it spole\u010dnou platformu pro odstra\u0148ov\u00e1n\u00ed bari\u00e9r, kter\u00e9 dosud br\u00e1n\u00ed je\u0161t\u011b \u0161ir\u0161\u00edmu rozvoji renovac\u00ed.<\/p>\n\n\n<p><iframe loading=\"lazy\" title=\"Nov\u00e1 zelen\u00e1 \u00faspor\u00e1m \u2013 novinky a trendy v podpo\u0159e renovac\u00ed sektoru bydlen\u00ed do roku 2030\" width=\"800\" height=\"450\" src=\"https:\/\/www.youtube.com\/embed\/j-y1zsOcaS4?feature=oembed\" frameborder=\"0\" allow=\"accelerometer; autoplay; clipboard-write; encrypted-media; gyroscope; picture-in-picture; web-share\" referrerpolicy=\"strict-origin-when-cross-origin\" allowfullscreen><\/iframe><\/p>\n\n\n\n<p><strong>Velk\u00fd n\u00e1r\u016fst popt\u00e1vky a otev\u0159en\u00ed programu v\u0161em p\u0159\u00edjmov\u00fdm skupin\u00e1m<\/strong><\/p>\n\n\n\n<p>Program Nov\u00e1 zelen\u00e1 \u00faspor\u00e1m byl spu\u0161t\u011bn v&nbsp;roce 2009 jako finan\u010dn\u00ed n\u00e1stroj motivuj\u00edc\u00ed dom\u00e1cnosti ke sni\u017eov\u00e1n\u00ed spot\u0159eby energi\u00ed prost\u0159ednictv\u00edm podpory energeticky \u00fasporn\u00fdch opat\u0159en\u00ed u rodinn\u00fdch a&nbsp;bytov\u00fdch dom\u016f. Z\u00e1sadn\u00ed zlom nastal v roce 2021, kdy do\u0161lo k otev\u0159en\u00ed podpory \u0161ir\u0161\u00edm p\u0159\u00edjmov\u00fdm skupin\u00e1m a v\u00fdrazn\u00e9mu zjednodu\u0161en\u00ed cel\u00e9ho syst\u00e9mu.<\/p>\n\n\n\n<p><em>\u201eP\u0159ed \u010dty\u0159mi lety jsme z\u00e1sadn\u011b zm\u011bnili pravidla hry. Program jsme otev\u0159eli v\u0161em p\u0159\u00edjmov\u00fdm skupin\u00e1m \u2013 a dnes se ukazuje, \u017ee to byla spr\u00e1vn\u00e1 cesta,\u201c <\/em>uvedl ministr \u017eivotn\u00edho prost\u0159ed\u00ed Petr Hlad\u00edk.<em> \u201eP\u016fvodn\u00ed model byl paradoxn\u011b dostupn\u00fd p\u0159edev\u0161\u00edm pro vy\u0161\u0161\u00ed p\u0159\u00edjmov\u00e9 skupiny lid\u00ed z d\u016fvodu nutn\u00e9ho p\u0159edfinancov\u00e1n\u00ed. Situace se ale zm\u011bnila. Dnes je ka\u017ed\u00fd majitel schopen si d\u016fm zateplit, ani\u017e by musel disponovat statis\u00edci nebo miliony na \u00fa\u010dtu,\u201c<\/em> p\u0159ipomn\u011bl roz\u0161\u00ed\u0159en\u00ed syst\u00e9mu podpor pro dom\u00e1cnosti za posledn\u00ed \u010dty\u0159i roky ministr Petr Hlad\u00edk.<\/p>\n\n\n\n<p>Nov\u00e9 nastaven\u00ed programu p\u0159ineslo tak\u00e9 mo\u017enost z\u00e1lohov\u00fdch plateb, v\u00fdhodn\u00e9ho \u00fav\u011brov\u00e9ho spolufinancov\u00e1n\u00ed ve spolupr\u00e1ci se stavebn\u00edmi spo\u0159itelnami a bonifikaci kombinac\u00ed r\u016fzn\u00fdch opat\u0159en\u00ed. T\u00edm se energetick\u00e9 renovace staly dosa\u017eiteln\u00e9 pro v\u00fdrazn\u011b \u0161ir\u0161\u00ed spektrum dom\u00e1cnost\u00ed \u2013 od mlad\u00fdch rodin a\u017e po seniory v men\u0161\u00edch obc\u00edch. <em>\u201eProgram podpo\u0159il za celou dobu trv\u00e1n\u00ed na 600 tis\u00edc dom\u00e1cnost\u00ed, z toho dv\u011b t\u0159etiny od roku 2021. O finan\u010dn\u00ed podporu si tak \u0159ekly tis\u00edce dom\u00e1cnost\u00ed, kter\u00e9 by jinak modernizaci sv\u00e9ho bydlen\u00ed v\u016fbec ne\u0159e\u0161ily,\u201c<\/em> zd\u016fraznil na konferenci ministr \u017eivotn\u00edho prost\u0159ed\u00ed Petr Hlad\u00edk.<\/p>\n\n\n\n<p>Podle dostupn\u00fdch dat vyplatil program NZ\u00da za celou dobu existence ji\u017e p\u0159es 110 miliard korun, bylo zatepleno v\u00edce ne\u017e 153 tis\u00edc rodinn\u00fdch dom\u016f a 10 tis\u00edc bytov\u00fdch dom\u016f a financoval instalaci v\u00edce ne\u017e 240 tis\u00edc fotovoltaik. V\u00fdsledkem je nejen ro\u010dn\u00ed \u00faspora energi\u00ed srovnateln\u00e1 se spot\u0159ebou 1,5 milionu dom\u00e1cnost\u00ed, ale tak\u00e9 zabr\u00e1n\u011bn\u00ed vzniku 4 milion\u016f tun emis\u00ed CO\u2082.<\/p>\n\n\n\n<p><strong>\u010cesk\u00fd recept, kter\u00fd v Evrop\u011b nem\u00e1 obdoby<\/strong><\/p>\n\n\n\n<p>\u00da\u010dastn\u00edci se na konferenci tak\u00e9 shodli na tom, \u017ee Nov\u00e1 zelen\u00e1 \u00faspor\u00e1m je v evropsk\u00e9m m\u011b\u0159\u00edtku jedine\u010dn\u00fd program, jak\u00fd v Evrop\u011b zat\u00edm nenajdeme. Jako jeden z m\u00e1la dlouhodob\u011b funguj\u00edc\u00edch a syst\u00e9mov\u011b financovan\u00fdch program\u016f na podporu energetick\u00fdch renovac\u00ed reziden\u010dn\u00edho bydlen\u00ed p\u0159edstavuje inspiraci pro dal\u0161\u00ed \u010dlensk\u00e9 st\u00e1ty EU. Unik\u00e1tnost spo\u010d\u00edv\u00e1 nejen v jeho rozsahu a flexibilit\u011b, ale p\u0159edev\u0161\u00edm v&nbsp;propojen\u00ed klimatick\u00fdch, soci\u00e1ln\u00edch a ekonomick\u00fdch c\u00edl\u016f v jednom efektivn\u00edm n\u00e1stroji.<\/p>\n\n\n\n<p>Pr\u00e1v\u011b propojen\u00ed podpory energetick\u00fdch \u00faspor se syst\u00e9mem d\u00e1vek a soci\u00e1ln\u00edch podpor se v\u011bnoval ve sv\u00e9m p\u0159\u00edsp\u011bvku vicepremi\u00e9r a ministr pr\u00e1ce a soci\u00e1ln\u00edch v\u011bc\u00ed Marian Jure\u010dka. <em>\u201eNa \u00fa\u0159adech pr\u00e1ce dnes lidem \u0159\u00edk\u00e1me: pokud m\u00e1te vlastn\u00ed d\u016fm, zkuste m\u00edsto soci\u00e1ln\u00edch d\u00e1vek j\u00edt cestou sn\u00ed\u017een\u00ed v\u00fddaj\u016f d\u00edky NZ\u00da. D\u00e1v\u00e1me jim do ruky n\u00e1stroj, jak \u0159e\u0161it n\u00e1klady na bydlen\u00ed d\u016fstojn\u011b a udr\u017eiteln\u011b,\u201c<\/em> uvedl Marian Jure\u010dka, ministr pr\u00e1ce a soci\u00e1ln\u00edch v\u011bc\u00ed.<\/p>\n\n\n\n<p>Pouk\u00e1zal zejm\u00e9na na podprogram Nov\u00e1 zelen\u00e1 \u00faspor\u00e1m Light (NZ\u00da Light), kter\u00fd byl spu\u0161t\u011bn v&nbsp;roce 2023 pro rychlou a dostupnou pomoc s&nbsp;renovacemi zraniteln\u00fdm dom\u00e1cnostem, nejv\u00edce ohro\u017een\u00fdm vysok\u00fdm n\u00e1r\u016fstem cen energi\u00ed. Od ledna 2023 tento program podpo\u0159il u\u017e 97 000 dom\u00e1cnost\u00ed, p\u0159edev\u0161\u00edm senior\u016f, samo\u017eivitelek a zdravotn\u011b posti\u017een\u00fdch osob, celkovou \u010d\u00e1stkou 12 miliard korun.<\/p>\n\n\n\n<p><em>\u201eJsem r\u00e1d, \u017ee se n\u00e1m za\u010daly jednotliv\u00e9 sv\u011bty propojovat. Bav\u00edme se o energetick\u00fdch \u00faspor\u00e1ch a z\u00e1rove\u0148 o n\u00e1stroj\u00edch zaji\u0161\u0165uj\u00edc\u00edch dostupnost bydlen\u00ed pro r\u016fzn\u00e9 skupiny obyvatel. Dok\u00e1zali jsme n\u011bco, co se zat\u00edm ve v\u011bt\u0161in\u011b zem\u00ed EU neda\u0159\u00ed,\u201c<\/em> doplnil ministr Jure\u010dka. Tento unik\u00e1tn\u00ed model sjednocen\u00ed environment\u00e1ln\u00edch a soci\u00e1ln\u00edch politik st\u00e1tu m\u00e1 podle odborn\u00edk\u016f potenci\u00e1l st\u00e1t se vzorem i pro ostatn\u00ed evropsk\u00e9 zem\u011b.<\/p>\n\n\n\n<p><strong>Ekonomick\u00fd dopad: stabilizace firem a zak\u00e1zek v regionech<\/strong><\/p>\n\n\n\n<p>Podstatn\u00fd p\u0159\u00ednos programu spo\u010d\u00edv\u00e1 i ve stabilizaci v&nbsp;oblasti stavebnictv\u00ed, kter\u00e9 v posledn\u00edch letech \u010delilo v\u00fdrazn\u00e9 nejistot\u011b zp\u016fsoben\u00e9 inflac\u00ed a poklesem v\u00fdstavby.<\/p>\n\n\n\n<p><em>\u201eA\u017e 80 % na\u0161ich klient\u016f uvedlo, \u017ee by se do rekonstrukce v\u016fbec nepustilo, pokud by nem\u011bli k dispozici dota\u010dn\u00ed podporu z programu,\u201c<\/em> upozornil David Mencl, \u0159editel spole\u010dnosti Ekonomick\u00e9 stavby. <em>\u201eVe srovn\u00e1n\u00ed se Slovenskem \u010di Polskem, kde mal\u00e9 a st\u0159edn\u00ed firmy v tomto odv\u011btv\u00ed st\u00e1le \u010dast\u011bji kon\u010d\u00ed a krachuj\u00ed, se v&nbsp;\u010cesku poda\u0159ilo d\u00edky dota\u010dn\u00edm program\u016fm vytvo\u0159it v\u00fdznamn\u00e9 mno\u017estv\u00ed pracovn\u00edch p\u0159\u00edle\u017eitost\u00ed v&nbsp;regionech pr\u00e1v\u011b v dob\u011b, kdy to bylo nejv\u00edce pot\u0159eba,\u201c<\/em> dodal.<\/p>\n\n\n\n<p>Podle jeho slov intern\u00ed anal\u00fdza faktur uk\u00e1zala, \u017ee p\u0159\u00edjemci investovali v\u00edce ne\u017e 2,5n\u00e1sobek z\u00edskan\u00e9 dotace. To znamen\u00e1, \u017ee program nejen sni\u017euje v\u00fddaje dom\u00e1cnost\u00ed a sklen\u00edkov\u00e9 plyny, ale z\u00e1rove\u0148 vytv\u00e1\u0159\u00ed zak\u00e1zky pro tis\u00edce projektant\u016f, mont\u00e9r\u016f a dodavatel\u016f z cel\u00e9 republiky, generuje da\u0148ov\u00e9 p\u0159\u00edjmy a posiluje konkurenceschopnost \u010desk\u00e9ho pr\u016fmyslu.<\/p>\n\n\n\n<p><strong>Stabilita pravidel jako kl\u00ed\u010d k investic\u00edm<\/strong><\/p>\n\n\n\n<p>Dlouhodobost a transparentnost podm\u00ednek programu se ukazuje jako z\u00e1sadn\u00ed pro to, aby firmy mohly pl\u00e1novat investice do kapacit, technologi\u00ed i pracovn\u00edch m\u00edst. <em>\u201eFirmy pot\u0159ebuj\u00ed jistotu a dlouhodobou p\u0159edv\u00eddatelnost. Jen tak si mohou dovolit roz\u0161i\u0159ovat v\u00fdrobn\u00ed linky a nab\u00edrat nov\u00e9 zam\u011bstnance,\u201c<\/em> uvedla Marta Gellov\u00e1, \u0159editelka aliance \u0160ance pro budovy. \u201e<em>Z pr\u016fzkumu, kter\u00fd jsme realizovali nap\u0159\u00ed\u010d realitn\u00edm trhem, se ukazuje, \u017ee klienti p\u0159i koupi star\u0161\u00ed a energeticky n\u00e1ro\u010dn\u00e9 nemovitosti t\u00e9m\u011b\u0159 v\u017edy pl\u00e1nuj\u00ed okam\u017eitou renovaci. Co\u017e mus\u00ed j\u00edt ruku v ruce s p\u0159ipravenost\u00ed a kapacitami trhu<\/em>,\u201c dodala Marta Gellov\u00e1.&nbsp;&nbsp;<\/p>\n\n\n\n<p>Stabiln\u00ed harmonogram v\u00fdzev a v\u010dasn\u00e1 komunikace zm\u011bn podm\u00ednek umo\u017e\u0148uje firm\u00e1m napl\u00e1novat v\u00fdrobu oken, tepeln\u00fdch \u010derpadel \u010di izola\u010dn\u00edch materi\u00e1l\u016f a dal\u0161\u00ed pr\u00e1ce a\u017e s n\u011bkolikalet\u00fdm p\u0159edstihem, co\u017e je podle z\u00e1stupc\u016f sektoru rozhoduj\u00edc\u00ed pro jejich konkurenceschopnost.<\/p>\n\n\n\n<p>P\u0159\u00ednosy programu NZ\u00da a spolupr\u00e1ci st\u00e1tu a dodavatel\u016f ocenil i z\u00e1stupce firem zam\u011b\u0159en\u00fdch na instalaci obnoviteln\u00fdch zdroj\u016f energie. \u201e<em>Jsme v&nbsp;kritick\u00e9m bodu: naprost\u00e1 v\u011bt\u0161ina instalac\u00ed obnoviteln\u00fdch zdroj\u016f energie je podporov\u00e1na z NZ\u00da, ale my jako spole\u010dnost pot\u0159ebujeme, aby to do budoucna fungovalo i tr\u017en\u011b,\u201c <\/em>apeloval \u0160t\u011bp\u00e1n Chalupa, p\u0159edseda Komory obnoviteln\u00fdch zdroj\u016f energie.<\/p>\n\n\n\n<p><strong>Budoucnost v duchu odstra\u0148ov\u00e1n\u00ed bari\u00e9r a komplexn\u00edch renovac\u00ed<\/strong><\/p>\n\n\n\n<p>Od roku 2025 program reflektuje nov\u00fd trend \u2013 posun podpory od d\u00edl\u010d\u00edch opat\u0159en\u00ed k celkov\u00fdm, komplexn\u00edm renovac\u00edm s c\u00edlem zajistit vy\u0161\u0161\u00ed efektivitu podpo\u0159en\u00fdch opat\u0159en\u00ed a generovat v\u00fdrazn\u011bj\u0161\u00ed \u00faspory. Osv\u011bd\u010den\u00e9 n\u00e1stroje jako kombina\u010dn\u00ed a region\u00e1ln\u00ed bonusy nebo zv\u00fdhodn\u011bn\u00ed pro zraniteln\u00e9 skupiny ale z\u016fstanou zachov\u00e1ny.<\/p>\n\n\n\n<p><em>\u201eV nadch\u00e1zej\u00edc\u00edch letech bude na\u0161\u00edm hlavn\u00edm c\u00edlem dos\u00e1hnout rychlej\u0161\u00edho tempa realizace renovac\u00ed. Chceme p\u0159edev\u0161\u00edm odstranit bari\u00e9ry, na kter\u00e9 \u017eadatel\u00e9 nar\u00e1\u017eej\u00ed v procesu p\u0159\u00edpravy i samotn\u00e9 realizace projekt\u016f. Z na\u0161\u00ed anal\u00fdzy, vypracovan\u00e9 ve spolupr\u00e1ci s konzultanty z MAS a EKIS, vypl\u00fdv\u00e1, \u017ee mezi nej\u010dast\u011bj\u0161\u00ed probl\u00e9my pat\u0159\u00ed nedostate\u010dn\u00e9 pl\u00e1nov\u00e1n\u00ed, rozt\u0159\u00ed\u0161t\u011bnost informac\u00ed a subjektivn\u011b vn\u00edman\u00e1 n\u00edzk\u00e1 kvalita poradenstv\u00ed. To v\u0161echno jsou p\u0159ek\u00e1\u017eky na cest\u011b k tomu, aby NZ\u00da opravdu plnila klimatick\u00e9 a soci\u00e1ln\u011bpolitick\u00e9 c\u00edle, kter\u00e9 jsou jej\u00edm prvotn\u00edm smyslem. V\u00fdzvou do budoucna jsou nejen nov\u00e9 zdroje financov\u00e1n\u00ed, ale tak\u00e9 \u00fapln\u011b nov\u00e9 n\u00e1stroje. Nejv\u00fdznamn\u011bj\u0161\u00ed z nich budou renova\u010dn\u00ed pasy,\u201c<\/em> uvedl Petr Valdman, \u0159editel St\u00e1tn\u00edho fondu \u017eivotn\u00edho prost\u0159ed\u00ed \u010cR (SF\u017dP \u010cR).<\/p>\n\n\n\n<p>Od roku 2025 bude sou\u010d\u00e1st\u00ed ka\u017ed\u00e9 komplexn\u00ed renovace renova\u010dn\u00ed pas, praktick\u00fd \u201epr\u016fvodce domem\u201c s&nbsp;kalkulac\u00ed \u00faspor a n\u00e1vratnosti: <em>\u201eC\u00edlem je p\u0159ibl\u00ed\u017eit cel\u00fd proces b\u011b\u017en\u00e9mu \u010dlov\u011bku. Renova\u010dn\u00ed pasy uk\u00e1\u017eou, co a pro\u010d se m\u00e1 na dom\u011b d\u011blat, s jak\u00fdmi n\u00e1klady a \u00fasporami,\u201c<\/em> uvedl \u0159editel Petr Valdman.<\/p>\n\n\n\n<p><strong>Hlas odborn\u00e9 ve\u0159ejnosti: komplexn\u00ed, ale dostupn\u00e9<\/strong><\/p>\n\n\n\n<p>Podle odborn\u00edk\u016f je nutn\u00e9, aby se informace o mo\u017enostech podpory a v\u00fdhod\u00e1ch programu dost\u00e1valy k lidem co nejd\u0159\u00edve \u2013 ide\u00e1ln\u011b u\u017e p\u0159i zm\u011bn\u011b vlastnictv\u00ed nemovitosti nebo p\u0159i vyd\u00e1n\u00ed stavebn\u00edho povolen\u00ed. Diskutovalo se tak\u00e9 o pos\u00edlen\u00ed komunitn\u00edch projekt\u016f a vytvo\u0159en\u00ed u\u017e\u0161\u00edch partnerstv\u00ed s obcemi, kter\u00e9 mohou p\u016fsobit jako p\u0159irozen\u00fd prost\u0159edn\u00edk mezi st\u00e1tem a ob\u010dany.<\/p>\n\n\n\n<p><em>\u201eExistuj\u00ed dal\u0161\u00ed \u017eivotn\u00ed situace, kam by se dala NZ\u00da roz\u0161\u00ed\u0159it. Kdy\u017e jsem nap\u0159\u00edklad na katastru a p\u0159episuji nemovitost, m\u011bl bych dostat let\u00e1k s informacemi. Stejn\u011b tak kdy\u017e p\u0159ijdu se z\u00e1m\u011brem na stavebn\u00ed \u00fa\u0159ad, nebo kdy\u017e dostanu nov\u00fd smart meter m\u00edsto star\u00e9ho elektrom\u011bru. Do budoucna apeluji na to, aby se poda\u0159ilo l\u00e9pe podpo\u0159it komunitn\u00ed aktivity. P\u0159edstavuji si i u\u017e\u0161\u00ed partnerstv\u00ed s&nbsp;obcemi, kdy podpora m\u016f\u017ee j\u00edt p\u0159es obce m\u00edstn\u00edm spolk\u016fm na to, \u017ee pomohou spoluob\u010dan\u016fm s&nbsp;energetick\u00fdmi \u00fasporami.\u201c<\/em> p\u0159ipomn\u011bl pot\u0159ebu dal\u0161\u00edho roz\u0161\u00ed\u0159en\u00ed i posledn\u00ed z panelist\u016f Anton\u00edn Lup\u00ed\u0161ek, \u0159editel pro v\u011bdu a v\u00fdzkum Univerzitn\u00edho centra energeticky efektivn\u00edch budov \u010cVUT v&nbsp;Praze a hlavn\u00ed garant pracovn\u00ed skupiny Cirkul\u00e1rn\u00ed stavebnictv\u00ed a \u0161etrn\u00e9 materi\u00e1ly v \u010cesk\u00e9 rad\u011b pro \u0161etrn\u00e9 budovy.<\/p>\n\n\n\n<p><strong>Platforma pro spolupr\u00e1ci ve\u0159ejn\u00e9ho a soukrom\u00e9ho sektoru<\/strong><\/p>\n\n\n\n<p>Na odborn\u00e9 konferenci konan\u00e9 19. \u010dervna 2025 bylo podeps\u00e1no memorandum o spolupr\u00e1ci mezi st\u00e1tn\u00ed spr\u00e1vou (SF\u017dP \u010cR), nez\u00e1visl\u00fdm port\u00e1lem Refsite a 16 odborn\u00fdmi organizacemi z&nbsp;oboru stavebnictv\u00ed a OZE. Podpisem partne\u0159i symbolicky stvrdili snahu o hlub\u0161\u00ed propojen\u00ed s&nbsp;c\u00edlem vytvo\u0159it spole\u010dnou platformu pro odstra\u0148ov\u00e1n\u00ed bari\u00e9r, kter\u00e9 br\u00e1n\u00ed zv\u00fd\u0161en\u00ed tempa renovac\u00ed budov. &nbsp;<\/p>\n\n\n\n<p><em>\u201eVelmi \u010dast\u00e1 ot\u00e1zka \u017eadatel\u016f je, jak si maj\u00ed vybrat kvalitn\u00ed firmu. A\u010dkoliv lze vyu\u017e\u00edt tradi\u010dn\u00ed zp\u016fsoby ov\u011b\u0159ov\u00e1n\u00ed \u2013 doporu\u010den\u00ed od zn\u00e1m\u00fdch \u010di vyhled\u00e1v\u00e1n\u00ed referenc\u00ed na internetov\u00fdch str\u00e1nk\u00e1ch a diskusn\u00edch f\u00f3rech \u2013 zjistili jsme, \u017ee neexistuje dostate\u010dn\u011b nez\u00e1visl\u00fd a komplexn\u00ed syst\u00e9m hodnocen\u00ed, na jeho\u017e z\u00e1klad\u011b by si \u010dlov\u011bk mohl vytvo\u0159it ov\u011b\u0159en\u00fd \u00fasudek. Z tohoto d\u016fvodu jsme se rozhodli u\u010dinit dal\u0161\u00ed v\u00fdznamn\u00fd krok a podepsat memorandum o spolupr\u00e1ci mezi st\u00e1tn\u00ed spr\u00e1vou, odborn\u00fdmi asociacemi a partnery z praxe,\u201c<\/em> uzav\u0159el odborn\u00e9 setk\u00e1n\u00ed \u0159editel SF\u017dP \u010cR Petr Valdman.<\/p>\n\n\n\n<p><em>Foto: SF\u017dP<\/em><\/p>\n","protected":false},"excerpt":{"rendered":"<p>Dota\u010dn\u00ed program Nov\u00e1 zelen\u00e1 \u00faspor\u00e1m (NZ\u00da) v posledn\u00edch \u010dty\u0159ech letech v\u00fdznamn\u011b p\u0159isp\u011bl ke stabilizaci dom\u00e1c\u00ed ekonomiky a mobilizaci investic ze<\/p>\n","protected":false},"author":1,"featured_media":2086,"comment_status":"open","ping_status":"open","sticky":false,"template":"","format":"standard","meta":{"colormag_page_container_layout":"default_layout","colormag_page_sidebar_layout":"default_layout"},"categories":[58],"tags":[325,191,326,330,328,322,323,324,329,327],"_links":{"self":[{"href":"https:\/\/www.iforbes.cz\/index.php\/wp-json\/wp\/v2\/posts\/2085"}],"collection":[{"href":"https:\/\/www.iforbes.cz\/index.php\/wp-json\/wp\/v2\/posts"}],"about":[{"href":"https:\/\/www.iforbes.cz\/index.php\/wp-json\/wp\/v2\/types\/post"}],"author":[{"embeddable":true,"href":"https:\/\/www.iforbes.cz\/index.php\/wp-json\/wp\/v2\/users\/1"}],"replies":[{"embeddable":true,"href":"https:\/\/www.iforbes.cz\/index.php\/wp-json\/wp\/v2\/comments?post=2085"}],"version-history":[{"count":1,"href":"https:\/\/www.iforbes.cz\/index.php\/wp-json\/wp\/v2\/posts\/2085\/revisions"}],"predecessor-version":[{"id":2087,"href":"https:\/\/www.iforbes.cz\/index.php\/wp-json\/wp\/v2\/posts\/2085\/revisions\/2087"}],"wp:featuredmedia":[{"embeddable":true,"href":"https:\/\/www.iforbes.cz\/index.php\/wp-json\/wp\/v2\/media\/2086"}],"wp:attachment":[{"href":"https:\/\/www.iforbes.cz\/index.php\/wp-json\/wp\/v2\/media?parent=2085"}],"wp:term":[{"taxonomy":"category","embeddable":true,"href":"https:\/\/www.iforbes.cz\/index.php\/wp-json\/wp\/v2\/categories?post=2085"},{"taxonomy":"post_tag","embeddable":true,"href":"https:\/\/www.iforbes.cz\/index.php\/wp-json\/wp\/v2\/tags?post=2085"}],"curies":[{"name":"wp","href":"https:\/\/api.w.org\/{rel}","templated":true}]}}