{"id":2231,"date":"2025-09-12T13:54:05","date_gmt":"2025-09-12T13:54:05","guid":{"rendered":"https:\/\/www.iforbes.cz\/?p=2231"},"modified":"2025-09-12T13:54:05","modified_gmt":"2025-09-12T13:54:05","slug":"renata-vesecka-v-podcastu-slepa-spravedlnost-promluvila-o-temnych-kapitolach-sve-profesni-kariery","status":"publish","type":"post","link":"https:\/\/www.iforbes.cz\/index.php\/2025\/09\/12\/renata-vesecka-v-podcastu-slepa-spravedlnost-promluvila-o-temnych-kapitolach-sve-profesni-kariery\/","title":{"rendered":"Renata Veseck\u00e1 v podcastu Slep\u00e1 spravedlnost promluvila o temn\u00fdch kapitol\u00e1ch sv\u00e9 profesn\u00ed kari\u00e9ry"},"content":{"rendered":"\n<p><strong>Renata Veseck\u00e1 p\u016fsobila na r\u016fzn\u00fdch \u00farovn\u00edch syst\u00e9mu st\u00e1tn\u00edho zastupitelstv\u00ed v dob\u011b, kdy justic\u00ed ot\u0159\u00e1saly nejv\u011bt\u0161\u00ed kauzy polistopadov\u00e9 \u00e9ry. V nov\u00e9m d\u00edle podcastu Slep\u00e1 spravedlnost otev\u0159en\u011b mluv\u00ed o p\u0159\u00edpadu s\u00e9riov\u00fdch vrah\u016f man\u017eel\u016f Stodolov\u00fdch, politick\u00fdch tlac\u00edch spojen\u00fdch s kauzou Ji\u0159\u00edho \u010cunka a hlavn\u011b o vlekl\u00e9m sporu s Mari\u00ed Bene\u0161ovou, kter\u00e1 do \u010desk\u00e9ho ve\u0159ejn\u00e9ho prostoru vnesla pojem \u201ejusti\u010dn\u00ed mafie\u201c. V rozhovoru s Petrem a \u0160imonem Tomanov\u00fdmi popisuje, jak se \u017eije s justi\u010dn\u00ed&nbsp;n\u00e1lepkou, kterou u\u017e nikdy nesma\u017eete, a pro\u010d se po letech rozhodla vr\u00e1tit do ve\u0159ejn\u00e9ho \u017eivota jako l\u00eddryn\u011b kandid\u00e1tky hnut\u00ed Motorist\u00e9 sob\u011b ve St\u0159edo\u010desk\u00e9m kraji.<\/strong><\/p>\n\n\n\n<p>Renata Veseck\u00e1 zapo\u010dala svoji kari\u00e9rn\u00ed cestu jako krajsk\u00e1 st\u00e1tn\u00ed z\u00e1stupkyn\u011b v&nbsp;Hradci Kr\u00e1lov\u00e9. Pom\u011brn\u011b z\u00e1hy se tak dostala do pozice, kdy jako st\u00e1tn\u00ed z\u00e1stupkyn\u011b dozorovala velmi z\u00e1va\u017en\u00e9 trestn\u00ed kauzy zahrnuj\u00edc\u00ed n\u00e1silnou kriminalitu a p\u0159edev\u0161\u00edm vra\u017edy. Jej\u00edm asi nejbrut\u00e1ln\u011bj\u0161\u00edm p\u0159\u00edpadem dodnes z\u016fst\u00e1vaj\u00ed man\u017eel\u00e9 Stodolovi, co\u017e je st\u00e1le jeden z&nbsp;nejdiskutovan\u011bj\u0161\u00edch p\u0159\u00edpad\u016f modern\u00ed \u010desk\u00e9 kriminalistiky. Nejde ale jen o brutalitu, kter\u00e1 byla pro \u010diny Stodolov\u00fdch typick\u00e1, ale tak\u00e9 o \u0161ir\u0161\u00ed diskusi o kompetenci policist\u016f. Pr\u00e1v\u011b b\u011bhem tohoto vy\u0161et\u0159ov\u00e1n\u00ed vy\u0161lo najevo, \u017ee se policie dopustila z\u00e1sadn\u00edch pochyben\u00ed.<\/p>\n\n\n\n<p><strong>Osudov\u00ed man\u017eel\u00e9 Stodolovi<\/strong><\/p>\n\n\n\n<p><em>\u201eSt\u00e1tn\u00ed z\u00e1stupci v\u017edycky mus\u00ed slou\u017eit ur\u010dit\u00fd dosah, aby p\u0159\u00edpadn\u011b byli k&nbsp;dispozici na v\u00fdjezdy policie. Jednoho dne jsem sed\u011bla s&nbsp;p\u0159\u00e1teli u k\u00e1vy a zazvonil telefon. Volal opera\u010dn\u00ed d\u016fstojn\u00edk policie, \u017ee je v\u00fdjezd ke dvojn\u00e1sobn\u00e9mu \u00famrt\u00ed s podez\u0159en\u00edm, \u017ee by se mohlo jednat o vra\u017edu nebo o vra\u017edu a sebevra\u017edu. Ta kvalifikace na za\u010d\u00e1tku nikdy nen\u00ed z\u0159ejm\u00e1,\u201c<\/em> vzpom\u00edn\u00e1 Renata Veseck\u00e1 v&nbsp;podcastu <em>Slep\u00e1 spravedlnost<\/em> na moment, kdy osudov\u00e1 kauza za\u010dala. Ji\u017e v&nbsp;t\u00e9to f\u00e1zi byla do p\u0159\u00edpadu intenzivn\u011b zapojena \u2013 v&nbsp;duchu vlastn\u00ed z\u00e1sady, \u017ee u takto z\u00e1va\u017en\u00fdch trestn\u00fdch \u010din\u016f by st\u00e1tn\u00ed z\u00e1stupce m\u011bl v\u017edy spolupracovat s&nbsp;polici\u00ed ji\u017e ve f\u00e1zi shroma\u017e\u010fov\u00e1n\u00ed d\u016fkaz\u016f.<\/p>\n\n\n\n<p>Man\u017eel\u00e9 Stodolovi jsou v&nbsp;pov\u011bdom\u00ed ve\u0159ejnosti st\u00e1le zaps\u00e1ni jako jedni z&nbsp;nejhor\u0161\u00edch vrah\u016f v&nbsp;\u010desk\u00e9 historii. V\u0161echny vra\u017edy sp\u00e1chali ve snaze obohatit se a za sv\u00e9 ob\u011bti si vyb\u00edrali bezbrann\u00e9 seniory. <em>\u201eDana Stodolov\u00e1 dr\u017eela v kuchyni man\u017eelku a Stodola v ob\u00fdvac\u00edm pokoji man\u017eela \u0161krtil. Jeden z nich p\u0159itom prosil o \u017eivot, aby neubli\u017eovali tomu druh\u00e9mu. To je emo\u010dn\u011b siln\u00e1 v\u011bc, kterou si zapamatujete,\u201c<\/em> vypr\u00e1v\u00ed Veseck\u00e1 a zd\u016fraz\u0148uje v\u00fdznam psychologick\u00fdch a psychiatrick\u00fdch posudk\u016f: <em>\u201ePokud n\u011bkdo zabije jednou a ot\u0159ese to s n\u00edm, dal\u0161\u00ed trestnou \u010dinnost nep\u00e1ch\u00e1. Ale v p\u0159\u00edpad\u011b osmi mrtv\u00fdch\u2026 tam musel b\u00fdt i vztah k tomu, \u017ee v tom na\u0161li z\u00e1libu.\u201c<\/em><\/p>\n\n\n\n<p>Jak ji\u017e bylo zm\u00edn\u011bno, v&nbsp;p\u0159\u00edpad\u011b man\u017eel\u016f Stodolov\u00fdch se \u0159e\u0161ila i z\u00e1va\u017en\u00e1 pochyben\u00ed policie ve St\u0159edo\u010desk\u00e9m kraji. Podle Veseck\u00e9 byly n\u011bkter\u00e9 vra\u017edy odlo\u017eeny jako oby\u010dejn\u00e1 \u00famrt\u00ed, aby se vz\u00e1p\u011bt\u00ed zjistilo, \u017ee se skute\u010dn\u011b jednalo o vra\u017edy<em>. \u201eNap\u0159\u00edklad u man\u017eel\u016f, kte\u0159\u00ed byli neku\u0159\u00e1ci, se na\u0161ly nedopalky cigaret v jejich dom\u011b. Nikdo nezkoumal DNA. U jin\u00e9ho po\u0161kozen\u00e9ho se to odlo\u017eilo s t\u00edm, \u017ee se ob\u011bsil a skut\u00e1lel ze schod\u016f, a\u010dkoli to nebylo mo\u017en\u00e9. I proto se pozd\u011bji vytvo\u0159ila nov\u00e1 metodika, aby se podez\u0159el\u00e1 \u00famrt\u00ed d\u016fsledn\u011b vy\u0161et\u0159ovala,\u201c<\/em> uv\u00e1d\u00ed konkr\u00e9tn\u00ed p\u0159\u00edklad pochyben\u00ed.<\/p>\n\n\n\n<p><strong>St\u0159et s&nbsp;politickou realitou<\/strong><\/p>\n\n\n\n<p>V&nbsp;roce 2005 ji\u017e Renata Veseck\u00e1 poko\u0159ila dal\u0161\u00ed kari\u00e9rn\u00ed metu a stala se nejvy\u0161\u0161\u00ed st\u00e1tn\u00ed z\u00e1stupkyn\u00ed. Se zm\u011bnou funkce se ale velmi prom\u011bnila i n\u00e1pl\u0148 pr\u00e1ce \u2013 ji\u017e se nezam\u011b\u0159ovala na konkr\u00e9tn\u00ed kauzy, ale p\u0159edev\u0161\u00edm na metodick\u00e9 a person\u00e1ln\u00ed \u0159\u00edzen\u00ed a p\u0159ipom\u00ednkov\u00e1n\u00ed trestn\u011bpr\u00e1vn\u00ed legislativy. <em>\u201eJe to \u00fapln\u011b jin\u00e1 role. Moje pr\u00e1ce byla vymezena z\u00e1konem \u2013 pat\u0159ilo sem nap\u0159\u00edklad pod\u00e1v\u00e1n\u00ed dovol\u00e1n\u00ed nebo spr\u00e1vn\u00edch \u017ealob k Nejvy\u0161\u0161\u00edmu soudu, ale hlavn\u00ed \u010d\u00e1st\u00ed byla pr\u00e1ce dovnit\u0159 soustavy: vyd\u00e1v\u00e1n\u00ed pokyn\u016f obecn\u00e9 povahy, rozhodov\u00e1n\u00ed o person\u00e1ln\u00edch z\u00e1le\u017eitostech. Byla to \u00fapln\u011b jin\u00e1 \u010dinnost, sp\u00ed\u0161 syst\u00e9mov\u00e1, ne\u017e jakou vykon\u00e1v\u00e1 krajsk\u00fd st\u00e1tn\u00ed z\u00e1stupce, kter\u00fd je mnohem v\u00edc u konkr\u00e9tn\u00edch trestn\u00edch v\u011bc\u00ed,\u201c <\/em>vysv\u011btluje.<\/p>\n\n\n\n<p>Kl\u00ed\u010dov\u00fd rozd\u00edl nicm\u00e9n\u011b spo\u010d\u00edv\u00e1 v&nbsp;tom, \u017ee nejvy\u0161\u0161\u00ed st\u00e1tn\u00ed z\u00e1stupce je v&nbsp;praktick\u00e9 rovin\u011b tak\u00e9 aktivn\u00ed politick\u00fd hr\u00e1\u010d \u2013 rozhodn\u011b ve v\u011bt\u0161\u00ed m\u00ed\u0159e ne\u017e krajsk\u00fd st\u00e1tn\u00ed z\u00e1stupce. Je to jednak d\u00e1no t\u00edm, \u017ee nejvy\u0161\u0161\u00ed st\u00e1tn\u00ed z\u00e1stupce mus\u00ed \u00fazce spolupracovat s&nbsp;Ministerstvem spravedlnosti \u010cR, jednak t\u00edm, \u017ee jejich rozhodnut\u00ed jsou pod daleko d\u016fsledn\u011bj\u0161\u00edm drobnohledem m\u00e9di\u00ed. Pr\u00e1v\u011b v&nbsp;t\u00e9to pozici Veseck\u00e1 \u010delila nejv\u011bt\u0161\u00edmu tlaku v&nbsp;souvislosti s&nbsp;kauzou tehdej\u0161\u00edho vicepremi\u00e9ra Ji\u0159\u00edho \u010cunka (KDU-\u010cSL). Ostr\u00e1 kritika nakonec v&nbsp;roce 2010 vedla a\u017e k&nbsp;jej\u00edmu odvol\u00e1n\u00ed z&nbsp;funkce.<\/p>\n\n\n\n<p><em>\u201eMus\u00edm \u0159\u00edct, \u017ee politick\u00e1 z\u00e1vislost tam nikdy nebyla. Ani premi\u00e9r, ani ministr spravedlnosti mi nikdy ne\u0159ekli, jak m\u00e1m rozhodnout. P\u0159esto je to ve\u0159ejnost\u00ed vn\u00edm\u00e1no jako politick\u00e9 rozhodov\u00e1n\u00ed, zvl\u00e1\u0161\u0165 pokud se jedn\u00e1 o kauzy dot\u00fdkaj\u00edc\u00ed se politik\u016f. A to byl i p\u0159\u00edpad Ji\u0159\u00edho \u010cunka. Kdybych tehdy v\u011bd\u011bla, jak\u00e9 n\u00e1lepky dostanu na \u010delo, mo\u017en\u00e1 bych si \u0159ekla, \u017ee to nestoj\u00ed za to. Ale ud\u011blala bych to stejn\u011b, proto\u017ee to odpov\u00eddalo z\u00e1konu i d\u016fkazn\u00ed situaci,\u201c<\/em> vymezuje se proti kritick\u00fdm argument\u016fm Veseck\u00e1.<\/p>\n\n\n\n<p><strong>Na no\u017ee s&nbsp;Mari\u00ed Bene\u0161ovou<\/strong><\/p>\n\n\n\n<p>Jedn\u00edm z&nbsp;nejkontroverzn\u011bj\u0161\u00edch moment\u016f v&nbsp;kari\u00e9\u0159e Renaty Veseck\u00e9 je bezesporu vlekl\u00fd spor s&nbsp;b\u00fdvalou ministryn\u00ed spravedlnost\u00ed Mari\u00ed Bene\u0161ovou (\u010cSSD). Ta v&nbsp;roce 2007 \u0161okovala republiku, kdy\u017e v&nbsp;rozhlasov\u00e9m rozhovoru ozna\u010dila Veseckou a n\u011bkolik dal\u0161\u00edch vysoce postaven\u00fdch st\u00e1tn\u00edch z\u00e1stupc\u016f a soudc\u016f za \u201ejusti\u010dn\u00ed mafii\u201c. N\u011bkolik na\u0159\u010den\u00fdch, v\u010detn\u011b Veseck\u00e9, podalo \u017ealobu na ochranu osobnosti a n\u00e1sledn\u00fd civiln\u00ed proces se stal medi\u00e1ln\u011b ost\u0159e sledovanou mega ud\u00e1lost\u00ed. A\u010d soud nakonec rozhodl, \u017ee se Bene\u0161ov\u00e1 m\u00e1 za sv\u016fj v\u00fdrok p\u00edsemn\u011b omluvit, stalo se tak a\u017e po letech soudn\u00edch tahanic \u2013 n\u00e1lepka \u201ejusti\u010dn\u00ed mafie\u201c tak Veseckou prov\u00e1zela roky a nen\u00e1vratn\u011b po\u0161kodila jej\u00ed profesn\u00ed pov\u011bst.<\/p>\n\n\n\n<p>Nyn\u00ed si sama uv\u011bdomuje, \u017ee pod\u00e1n\u00ed \u017ealoby bylo zbrkl\u00fd krok, kter\u00fdm na\u0159\u010den\u00ed jen p\u0159ilili do ohn\u011b. <em>\u201eKdy\u017e se na to d\u00edv\u00e1m zp\u011btn\u011b, tak bych tu civiln\u00ed \u017ealobu na ochranu osobnosti nepod\u00e1vala. Byla to malichern\u00e1 v\u011bc, ze kter\u00e9 se vytvo\u0159ila jadern\u00e1 bomba. J\u00e1 jsem Marii Bene\u0161ovou dob\u0159e znala \u2013 p\u016fsobily jsme spolu dlouho na st\u00e1tn\u00edm zastupitelstv\u00ed, v\u011bd\u011bla jsem, \u017ee m\u00e1 rychl\u00e9 soudy. Byla to jej\u00ed nads\u00e1zka. Ale m\u00edsto toho, abych j\u00ed zavolala a zeptala se, co t\u00edm myslela, rozhodli jsme se j\u00edt pr\u00e1vn\u00ed cestou. A t\u00edm jsme jen poskytli potravu m\u00e9di\u00edm,\u201c<\/em> hodnot\u00ed b\u00fdval\u00e1 nejvy\u0161\u0161\u00ed st\u00e1tn\u00ed z\u00e1stupkyn\u011b.<\/p>\n\n\n\n<p>Nejv\u011bt\u0161\u00edm \u0161okem cel\u00e9 kauzy pro ni tedy nebyl ani tak p\u016fvodn\u00ed v\u00fdrok Marie Bene\u0161ov\u00e9 \u2013 o ten se postaral a\u017e soudce Krajsk\u00e9ho soudu v&nbsp;\u00dast\u00ed nad Labem, Vojt\u011bch Cepl mlad\u0161\u00ed. Ten ve sv\u00e9m prvoinstan\u010dn\u00edm rozhodnut\u00ed toti\u017e uvedl, \u017ee se v\u00fdrok o \u201ejusti\u010dn\u00ed mafii\u201c zakl\u00e1d\u00e1 na pravd\u011b. <em>\u201eNedovedla jsem si p\u0159edstavit, \u017ee n\u011bkdo m\u016f\u017ee takto rozhodnout, bez d\u016fkaz\u016f. To byl pro m\u011b nejv\u011bt\u0161\u00ed \u0161ok m\u00e9 profesn\u00ed kari\u00e9ry. Samoz\u0159ejm\u011b \u017ee se nakonec uk\u00e1zalo, \u017ee \u017e\u00e1dn\u00e1 justi\u010dn\u00ed mafie neexistuje, a \u017ealobu jsme pravomocn\u011b vyhr\u00e1li. Ale ta n\u00e1lepka z\u016fstala. A nejhor\u0161\u00ed je, \u017ee ve\u0159ejnost u\u017e nikdy nezaj\u00edm\u00e1, jak to cel\u00e9 dopadlo \u2013 z\u016fstane j\u00ed v hlav\u011b jen to p\u016fvodn\u00ed obvin\u011bn\u00ed,\u201c <\/em>konstatuje Veseck\u00e1.<\/p>\n\n\n\n<p><strong>N\u00e1vrat do ve\u0159ejn\u00e9ho \u017eivota<\/strong><\/p>\n\n\n\n<p>Dnes, v&nbsp;roce 2025 \u2013 a mnoho let po odchodu z&nbsp;Nejvy\u0161\u0161\u00edho st\u00e1tn\u00edho zastupitelstv\u00ed \u2013 se Veseck\u00e1 rozhodla vr\u00e1tit do ve\u0159ejn\u00e9ho \u017eivota a kandiduje jako l\u00eddryn\u011b kandid\u00e1tky strany Motorist\u00e9 sob\u011b (AUTO) v Kr\u00e1lovehradeck\u00e9m kraji. K&nbsp;tomuto rozhodnut\u00ed ji dle vlastn\u00edch slov dovedla dlouhodob\u00e1 nespokojenost s&nbsp;t\u00edm, jak je st\u00e1t \u0159\u00edzen. <em>\u201eO politice jsem uva\u017eovala u\u017e del\u0161\u00ed dobu. Mysl\u00edm si, \u017ee pr\u00e1vo a politika spolu hodn\u011b souvis\u00ed \u2013 Poslaneck\u00e1 sn\u011bmovna je v podstat\u011b legislativa a j\u00e1 vn\u00edm\u00e1m, \u017ee je spoustu v\u011bc\u00ed, kter\u00e9 by bylo pot\u0159eba upravit. Proto jsem se rozhodla kandidovat za Motoristy. Jsem nespokojen\u00fdm ob\u010danem a r\u00e1da bych byla u toho, kdy je mo\u017en\u00e9 v\u011bci zm\u011bnit k&nbsp;lep\u0161\u00edmu,\u201c <\/em>tvrd\u00ed.<\/p>\n\n\n\n<p>Jako poslankyn\u011b by se cht\u011bla v\u011bnovat j\u00ed d\u016fv\u011brn\u011b zn\u00e1m\u00fdm oblastem \u2013 pr\u00e1vu, spravedlnosti a bezpe\u010dnosti. Pro sou\u010dasnou vl\u00e1dn\u00ed koalici ale nenach\u00e1z\u00ed pouze slova kritiky, naopak. <em>\u201eOce\u0148uji, \u017ee posledn\u00ed novela trestn\u00edho z\u00e1kon\u00edku p\u0159inesla mo\u017enost nahradit zbyte\u010dn\u00e9 nepodm\u00edn\u011bn\u00e9 tresty jin\u00fdmi opat\u0159en\u00edmi. To je spr\u00e1vn\u00fd krok. Ale mysl\u00edm si, \u017ee jsou i dal\u0161\u00ed v\u011bci, kter\u00e9 je t\u0159eba zm\u011bnit a nastavit l\u00e9pe. Pokud budu m\u00edt mo\u017enost, cht\u011bla bych k t\u011bmto zm\u011bn\u00e1m p\u0159isp\u011bt p\u0159\u00edmo z Poslaneck\u00e9 sn\u011bmovny,\u201c<\/em> uzav\u00edr\u00e1 Veseck\u00e1.<\/p>\n\n\n\n<p>Podcast <a href=\"https:\/\/www.slepaspravedlnost.cz\/\" target=\"_blank\" rel=\"noreferrer noopener\">Slep\u00e1 spravedlnost<\/a> se zam\u011b\u0159uje na osudy a p\u0159\u00edb\u011bhy osob, kter\u00fdm do \u017eivota vstoupilo trestn\u00ed st\u00edh\u00e1n\u00ed. Klade si za c\u00edl hovo\u0159it o vin\u011b a trestu, ale i o \u201e<em>trestu bez viny<\/em>\u201c. Podcastem prov\u00e1z\u00ed renomovan\u00fd advok\u00e1t JUDr. Petr Toman se sv\u00fdm synem Mgr. \u0160imonem Tomanem. Cel\u00fd projekt Slep\u00e1 spravedlnost vznik\u00e1 za podpory advok\u00e1tn\u00ed kancel\u00e1\u0159e <a href=\"https:\/\/www.chrenektomankotrba.cz\/\" target=\"_blank\" rel=\"noreferrer noopener\">Chrenek, Toman, Kotrba<\/a>.<\/p>\n\n\n\n<p><em>Foto: CHTK<\/em><\/p>\n","protected":false},"excerpt":{"rendered":"<p>Renata Veseck\u00e1 p\u016fsobila na r\u016fzn\u00fdch \u00farovn\u00edch syst\u00e9mu st\u00e1tn\u00edho zastupitelstv\u00ed v dob\u011b, kdy justic\u00ed ot\u0159\u00e1saly nejv\u011bt\u0161\u00ed kauzy polistopadov\u00e9 \u00e9ry. V nov\u00e9m<\/p>\n","protected":false},"author":1,"featured_media":2232,"comment_status":"open","ping_status":"open","sticky":false,"template":"","format":"standard","meta":{"colormag_page_container_layout":"default_layout","colormag_page_sidebar_layout":"default_layout"},"categories":[53],"tags":[204,428,282,199,203,427,202],"_links":{"self":[{"href":"https:\/\/www.iforbes.cz\/index.php\/wp-json\/wp\/v2\/posts\/2231"}],"collection":[{"href":"https:\/\/www.iforbes.cz\/index.php\/wp-json\/wp\/v2\/posts"}],"about":[{"href":"https:\/\/www.iforbes.cz\/index.php\/wp-json\/wp\/v2\/types\/post"}],"author":[{"embeddable":true,"href":"https:\/\/www.iforbes.cz\/index.php\/wp-json\/wp\/v2\/users\/1"}],"replies":[{"embeddable":true,"href":"https:\/\/www.iforbes.cz\/index.php\/wp-json\/wp\/v2\/comments?post=2231"}],"version-history":[{"count":1,"href":"https:\/\/www.iforbes.cz\/index.php\/wp-json\/wp\/v2\/posts\/2231\/revisions"}],"predecessor-version":[{"id":2233,"href":"https:\/\/www.iforbes.cz\/index.php\/wp-json\/wp\/v2\/posts\/2231\/revisions\/2233"}],"wp:featuredmedia":[{"embeddable":true,"href":"https:\/\/www.iforbes.cz\/index.php\/wp-json\/wp\/v2\/media\/2232"}],"wp:attachment":[{"href":"https:\/\/www.iforbes.cz\/index.php\/wp-json\/wp\/v2\/media?parent=2231"}],"wp:term":[{"taxonomy":"category","embeddable":true,"href":"https:\/\/www.iforbes.cz\/index.php\/wp-json\/wp\/v2\/categories?post=2231"},{"taxonomy":"post_tag","embeddable":true,"href":"https:\/\/www.iforbes.cz\/index.php\/wp-json\/wp\/v2\/tags?post=2231"}],"curies":[{"name":"wp","href":"https:\/\/api.w.org\/{rel}","templated":true}]}}