{"id":2285,"date":"2025-10-07T08:39:28","date_gmt":"2025-10-07T08:39:28","guid":{"rendered":"https:\/\/www.iforbes.cz\/?p=2285"},"modified":"2025-10-07T08:39:28","modified_gmt":"2025-10-07T08:39:28","slug":"kapela-totalni-nasazeni-oslavi-narozeniny-v-prazske-lucerne","status":"publish","type":"post","link":"https:\/\/www.iforbes.cz\/index.php\/2025\/10\/07\/kapela-totalni-nasazeni-oslavi-narozeniny-v-prazske-lucerne\/","title":{"rendered":"Kapela Tot\u00e1ln\u00ed nasazen\u00ed oslav\u00ed narozeniny v pra\u017esk\u00e9 Lucern\u011b"},"content":{"rendered":"\n<p><strong>Sl\u00e1nsk\u00e1 punk-rockov\u00e1 parta TOT\u00c1LN\u00cd NASAZEN\u00cd slav\u00ed letos na podzim 35 let od sv\u00e9ho vzniku a proto\u017ee v\u00a0kapele v\u017edy panovaly velmi p\u0159\u00e1telsk\u00e9 vztahy se v\u0161emi sv\u00fdmi b\u00fdval\u00fdmi \u010dleny, domluvila se cel\u00e1 tato parta kamar\u00e1d\u016f, \u017ee tyhle p\u011btat\u0159ic\u00e1tiny oslav\u00ed spole\u010dn\u011b a \u017ee si po letech zopakuj\u00ed mejdan ve velk\u00e9m s\u00e1le pra\u017esk\u00e9 Lucerny.<\/strong><\/p>\n\n\n\n<p>Na oslav\u011b sv\u00fdch 35. narozenin se tak ve dvouhodinov\u00e9m koncertn\u00edm bloku p\u0159edstav\u00ed Tot\u00e1\u010di mimo tradi\u010dn\u00edho sou\u010dasn\u00e9ho slo\u017een\u00ed Sv\u00e1\u0165a, P.P.Cvok a Martin tak\u00e9 ve star\u0161\u00edch sestav\u00e1ch z&nbsp;nejr\u016fzn\u011bj\u0161\u00edch obdob\u00ed existence kapely a raritn\u00ed set nejen pro pam\u011btn\u00edky bude v\u00edc ne\u017e vydatn\u00fd. Krom\u011b b\u00fdval\u00fdch \u010dlen\u016f si Tot\u00e1ln\u00ed nasazen\u00ed pozvalo tak\u00e9 dal\u0161\u00ed hosty, kdy v roli gratulant\u016f vystoup\u00ed legend\u00e1rn\u00ed slovensk\u00e1 Slobodn\u00e1 Eur\u00f3pa a nem\u00e9n\u011b legend\u00e1rn\u00ed Znouzectnost, kter\u00e9 dopln\u00ed sp\u0159\u00edzn\u011bn\u00e9 a sp\u0159\u00e1telen\u00e9 kapely Ne\u017efale\u0161 a Punk Floid. Akce za\u010d\u00edn\u00e1 u\u017e v&nbsp;p\u011bt hodin, kon\u010d\u00ed p\u0159ed p\u016flnoc\u00ed a porce muziky to bude v\u00edc ne\u017e \u0159\u00e1dn\u00e1.<\/p>\n\n\n<p><iframe loading=\"lazy\" title=\"Tot\u00e1ln\u00ed nasazen\u00ed - Rud\u00fd zr\u016fdy (official lyric video 2025)\" width=\"800\" height=\"450\" src=\"https:\/\/www.youtube.com\/embed\/hLjq9nNg1eM?feature=oembed\" frameborder=\"0\" allow=\"accelerometer; autoplay; clipboard-write; encrypted-media; gyroscope; picture-in-picture; web-share\" referrerpolicy=\"strict-origin-when-cross-origin\" allowfullscreen><\/iframe><\/p>\n\n\n\n<p>A pro\u010d si Tot\u00e1\u010di vybrali znovuvelk\u00fd s\u00e1l pra\u017esk\u00e9 Lucerny? <em>\u201eV\u017edycky to byl takov\u00fd n\u00e1\u0161 klukovsk\u00fd sen, kter\u00fd jsme m\u011bli od na\u0161ich za\u010d\u00e1tk\u016f v\u00a090. letech, uspo\u0159\u00e1dat koncert Tot\u00e1ln\u00edho nasazen\u00ed v\u00a0legend\u00e1rn\u00ed Lucern\u011b, a i kdy\u017e jsme si ho u\u017e p\u0159ed l\u00e9ty splnili, tak n\u00e1s to prost\u011b l\u00e1kalo si tu akci s\u00a0celou tou bandou b\u00fdval\u00fdch i sou\u010dasn\u00fdch \u010dlen\u016f na\u0161\u00ed squadry zopakovat. V\u0161ichni kluci byli pro a v\u0161ichni se t\u011b\u0161\u00ed, \u017ee se spolu zase potk\u00e1me a \u017ee si spolu zahrajeme, \u201c<\/em> \u0159\u00edk\u00e1 zakl\u00e1daj\u00edc\u00ed \u010dlen Tot\u00e1\u010d\u016f, zp\u011bv\u00e1k, baskytarista Sv\u00e1\u0165a \u0160v\u00e1b.<em>\u201eA proto\u017ee v\u00a0listopadu a v\u00a0prosinci pojedeme po deseti letech speci\u00e1ln\u00ed klubov\u00e9 akustick\u00e9 UNPLUGGED TOUR, kde zazn\u00ed na\u0161e songy v\u00a0tradi\u010dn\u00edch i netradi\u010dn\u00edch verz\u00edch, aby v\u0161ichni vid\u011bli, \u017ee si je mohou zahr\u00e1t i jen tak na \u0161pan\u011blku, bude vlastn\u011b Lucerna takov\u00fdm posledn\u00ed leto\u0161n\u00edm \u201enorm\u00e1ln\u00edm\u201c koncertem,\u201c <\/em>dod\u00e1v\u00e1 kytarista a zp\u011bv\u00e1k P.P.Cvok, kter\u00fd v\u00a0kapele p\u016fsob\u00ed u\u017e t\u0159icet let. Z cel\u00e9\u00a0narozeninov\u00e9 oslavy bude tak\u00e9 op\u011bt znovu po\u0159izov\u00e1n audio i videoz\u00e1znam, jak to ostatn\u011b kapela d\u011blala na v\u0161ech p\u0159ede\u0161l\u00fdch v\u00fdro\u010dn\u00edch koncertech. U\u017e te\u010f je jist\u00e9, \u017ee v\u00a0Lucern\u011b bude akci p\u0159ihl\u00ed\u017eet v\u00edc jak tis\u00edcovka fans, kter\u00e1 si zat\u00edm koupila vstupenky v\u00a0p\u0159edprodeji, ale l\u00edstky jsou st\u00e1le k m\u00e1n\u00ed a budou i na m\u00edst\u011b v\u00a0den kon\u00e1n\u00ed akce.<\/p>\n\n\n\n<div class=\"wp-block-image\"><figure class=\"aligncenter size-large\"><img loading=\"lazy\" width=\"819\" height=\"1024\" src=\"http:\/\/www.iforbes.cz\/wp-content\/uploads\/2025\/10\/Lucerna_lineup-819x1024.png\" alt=\"\" class=\"wp-image-2286\" srcset=\"https:\/\/www.iforbes.cz\/wp-content\/uploads\/2025\/10\/Lucerna_lineup-819x1024.png 819w, https:\/\/www.iforbes.cz\/wp-content\/uploads\/2025\/10\/Lucerna_lineup-240x300.png 240w, https:\/\/www.iforbes.cz\/wp-content\/uploads\/2025\/10\/Lucerna_lineup-768x960.png 768w, https:\/\/www.iforbes.cz\/wp-content\/uploads\/2025\/10\/Lucerna_lineup.png 1080w\" sizes=\"(max-width: 819px) 100vw, 819px\" \/><\/figure><\/div>\n\n\n\n<p>Na konci z\u00e1\u0159\u00ed doto\u010dili Tot\u00e1\u010di v sou\u010dasn\u00e9 sestav\u011b s nov\u00fdm buben\u00edkem Martinem, jen\u017e letos na ja\u0159e ofici\u00e1ln\u011b nahradil dlouhodob\u011b nemocn\u00e9ho Frankyho, materi\u00e1l na nov\u00e9 album s&nbsp;n\u00e1zvem Gerontosaurus senilis. Jeden\u00e1ct nov\u00fdch song\u016f vyjde jako LP i CD v&nbsp;\u00fanoru p\u0159\u00ed\u0161t\u00edho roku, kdy se kapela chyst\u00e1 na repete tradi\u010dn\u00edho \u00fasp\u011b\u0161n\u00e9ho turn\u00e9 s&nbsp;The Fialky a Ne\u017efale\u0161. To bude tentokr\u00e1t prob\u00edhat p\u0159edev\u0161\u00edm po kulturn\u00edch domech od \u00fanora do dubna 2026. Jednu z&nbsp;p\u00edsn\u00ed pod n\u00e1zvem Rud\u00fd zr\u016fdy pak zve\u0159ejnilo Tot\u00e1ln\u00ed nasazen\u00ed posledn\u00ed z\u00e1\u0159ijov\u00fd v\u00edkend jako singl a kapela se nechala sly\u0161et, \u017ee tento song zazn\u00ed premi\u00e9rov\u011b na\u017eivo pr\u00e1v\u011b ve velk\u00e9m s\u00e1le pra\u017esk\u00e9 Lucerny. Ve\u0161ker\u00e9 informace o oslav\u011b 35 let Tot\u00e1ln\u00edho nasazen\u00ed najdete na webov\u00fdch str\u00e1nk\u00e1ch a soci\u00e1ln\u00edch s\u00edt\u00edch kapely.<\/p>\n\n\n\n<p><em>Foto: Forfun Agency<\/em><\/p>\n","protected":false},"excerpt":{"rendered":"<p>Sl\u00e1nsk\u00e1 punk-rockov\u00e1 parta TOT\u00c1LN\u00cd NASAZEN\u00cd slav\u00ed letos na podzim 35 let od sv\u00e9ho vzniku a proto\u017ee v\u00a0kapele v\u017edy panovaly velmi<\/p>\n","protected":false},"author":1,"featured_media":2287,"comment_status":"open","ping_status":"open","sticky":false,"template":"","format":"standard","meta":{"colormag_page_container_layout":"default_layout","colormag_page_sidebar_layout":"default_layout"},"categories":[53],"tags":[455,452,453,385,454],"_links":{"self":[{"href":"https:\/\/www.iforbes.cz\/index.php\/wp-json\/wp\/v2\/posts\/2285"}],"collection":[{"href":"https:\/\/www.iforbes.cz\/index.php\/wp-json\/wp\/v2\/posts"}],"about":[{"href":"https:\/\/www.iforbes.cz\/index.php\/wp-json\/wp\/v2\/types\/post"}],"author":[{"embeddable":true,"href":"https:\/\/www.iforbes.cz\/index.php\/wp-json\/wp\/v2\/users\/1"}],"replies":[{"embeddable":true,"href":"https:\/\/www.iforbes.cz\/index.php\/wp-json\/wp\/v2\/comments?post=2285"}],"version-history":[{"count":1,"href":"https:\/\/www.iforbes.cz\/index.php\/wp-json\/wp\/v2\/posts\/2285\/revisions"}],"predecessor-version":[{"id":2288,"href":"https:\/\/www.iforbes.cz\/index.php\/wp-json\/wp\/v2\/posts\/2285\/revisions\/2288"}],"wp:featuredmedia":[{"embeddable":true,"href":"https:\/\/www.iforbes.cz\/index.php\/wp-json\/wp\/v2\/media\/2287"}],"wp:attachment":[{"href":"https:\/\/www.iforbes.cz\/index.php\/wp-json\/wp\/v2\/media?parent=2285"}],"wp:term":[{"taxonomy":"category","embeddable":true,"href":"https:\/\/www.iforbes.cz\/index.php\/wp-json\/wp\/v2\/categories?post=2285"},{"taxonomy":"post_tag","embeddable":true,"href":"https:\/\/www.iforbes.cz\/index.php\/wp-json\/wp\/v2\/tags?post=2285"}],"curies":[{"name":"wp","href":"https:\/\/api.w.org\/{rel}","templated":true}]}}