{"id":2292,"date":"2025-10-09T09:58:16","date_gmt":"2025-10-09T09:58:16","guid":{"rendered":"https:\/\/www.iforbes.cz\/?p=2292"},"modified":"2025-10-09T09:58:16","modified_gmt":"2025-10-09T09:58:16","slug":"rudolfinum-bude-hostit-poctu-eme-destinnove","status":"publish","type":"post","link":"https:\/\/www.iforbes.cz\/index.php\/2025\/10\/09\/rudolfinum-bude-hostit-poctu-eme-destinnove\/","title":{"rendered":"Rudolfinum bude hostit poctu Em\u011b Destinnov\u00e9"},"content":{"rendered":"\n<p><strong>V prostor\u00e1ch Dvo\u0159\u00e1kovy s\u00edn\u011b se 17. \u00fanora 2026 chyst\u00e1 v\u00fdjime\u010dn\u00fd ve\u010der: <em>Zrozen\u00ed hv\u011bzdy: koncertn\u00ed pocta Em\u011b Destinnov\u00e9<\/em>. Hudba, slovo a historie se v tomto ve\u010deru spoj\u00ed v hold jedn\u00e9 z nejv\u00fdznamn\u011bj\u0161\u00edch \u010desk\u00fdch p\u011bvky\u0148, jej\u00ed\u017e hlas a osobnost p\u0159ekro\u010dily hranice sv\u00e9 doby. Hlavn\u00edmi s\u00f3listy budou Zuzana Markov\u00e1, Eli\u0161ka Weissov\u00e1 a Vanda \u0160\u00edpov\u00e1, jako kontratenor vystoup\u00ed Vojt\u011bch Pelka. Vedle toho se pok\u0159t\u00ed i prvn\u00ed d\u00edl biografie o Em\u011b Destinov\u00e9 z&nbsp;pera sc\u00e9n\u00e1ristky a re\u017eis\u00e9rky Lucie Klein Svobodov\u00e9.<\/strong><\/p>\n\n\n\n<p>\u201ePoda\u0159ilo se p\u0159ipravit neuv\u011b\u0159itelnou ud\u00e1lost nejen na poli v\u00e1\u017en\u00e9 hudby, ale i z&nbsp;hlediska liter\u00e1rn\u00edho. Ve\u010der nab\u00eddne unik\u00e1tn\u00ed propojen\u00ed opern\u00edch \u00e1ri\u00ed, liter\u00e1rn\u00edch uk\u00e1zek z nov\u00e9 biografie <em>Emmy Destinn 1<\/em> a historick\u00fdch exkurz\u00ed do \u00e9ry, kdy mlad\u00e1 talentovan\u00e1 zp\u011bva\u010dka dob\u00fdvala sv\u011btov\u00e1 podia,\u201c \u0159\u00edk\u00e1 Petr Svoboda, syn legend\u00e1rn\u00edho skladatele Karla Svobody a z\u00e1rove\u0148 po\u0159adatel cel\u00e9 akce a tak\u00e9 man\u017eel autorky biografie.<\/p>\n\n\n\n<p>Publikum si vyslechne slavn\u00e9 \u00e1rie, kter\u00e9 zazn\u011bly v berl\u00ednsk\u00e9m obdob\u00ed kari\u00e9ry Destinnov\u00e9, v\u010detn\u011b d\u011bl od Gounoda, Masseneta, Mascagniho a Mozarta. Jedine\u010dn\u00fd hudebn\u00ed z\u00e1\u017eitek dopln\u00ed \u010dten\u00e1 slova z biografie a historick\u00e9 pas\u00e1\u017ee moderovan\u00e9 Ji\u0159\u00edm Vejvodou. \u201eTakov\u00e1 sestava, jak\u00e1 se poda\u0159ila na tuto akci zajistit, je v&nbsp;\u010cesku skute\u010dn\u011b unik\u00e1tn\u00ed. Jde o opravdov\u00e9 hv\u011bzdy, a to nikoliv \u010desk\u00e9ho ale evropsk\u00e9ho a sv\u011btov\u00e9ho opern\u00edho nebe,\u201c \u0159\u00edk\u00e1 spokojen\u011b spoluautor ve\u010dera Ji\u0159\u00ed Vejvoda.<\/p>\n\n\n\n<p>Vedle toho se b\u011bhem akce odehraje i k\u0159est prvn\u00edho d\u00edlu biografie o slavn\u00e9 zp\u011bva\u010dce. \u201eV\u011b\u0159\u00edm, \u017ee jsem z\u00edskala spousty zaj\u00edmav\u00fdch informac\u00ed, kter\u00e9 se mi poda\u0159ilo naskl\u00e1dat do prvn\u00edho ze t\u0159\u00ed chystan\u00fdch d\u00edl\u016f knihy Emma Destinn. Velkou radost mi d\u011bl\u00e1 i fakt, \u017ee na k\u0159tu bude vybran\u00e9 pas\u00e1\u017ee z&nbsp;publikace \u010d\u00edst i herec Martin Hofmann,\u201c \u0159\u00edk\u00e1 autorka knihy Lucia Klein Svoboda.<\/p>\n\n\n\n<p>Hlavn\u00edmi s\u00f3listy budou:<\/p>\n\n\n\n<ul><li><strong>Zuzana Markov\u00e1<\/strong> (sopr\u00e1n)<\/li><li><strong>Eli\u0161ka Weissov\u00e1<\/strong> (sopr\u00e1n)<\/li><li><strong>Vanda \u0160\u00edpov\u00e1<\/strong> (sopr\u00e1n)<\/li><li><strong>Vojt\u011bch Pelka<\/strong> (kontratenor)<\/li><\/ul>\n\n\n\n<p>Orchestr PKF \u2013 Prague Philharmonia pod taktovkou dirigenta <strong>Paola Gatta<\/strong> doprovod\u00ed s\u00f3listy a hudebn\u00ed r\u00e1mec ve\u010dera. V programu zazn\u00ed i orchestr\u00e1ln\u00ed p\u0159edehry a mezihry, kter\u00e9 budou navazovat na v\u00fdvoj kari\u00e9ry Destinnov\u00e9.<\/p>\n\n\n\n<p>Akce je pl\u00e1nov\u00e1na na <strong>\u00fater\u00fd 17. \u00fanora 2026 v 19:30<\/strong> v Rudolf\u00ednu (Dvo\u0159\u00e1kova s\u00ed\u0148) v Praze. Vstupenky jsou v cenov\u00e9m rozmez\u00ed <strong>300 \u2013 2300 K\u010d<\/strong> a dostupn\u00e9 prost\u0159ednictv\u00edm prodejce Colosseum Ticket.<\/p>\n\n\n\n<p><strong>O koncertu<\/strong><br>\u00da\u010delem ve\u010dera je nejen p\u0159ipomenout um\u011bleck\u00e9 d\u00edlo Emy Destinnov\u00e9, ale tak\u00e9 poskytnout publiku hlub\u0161\u00ed pohled na jej\u00ed \u017eivotn\u00ed cestu a kontext doby, kter\u00e1 formovala jej\u00ed hudebn\u00ed osud. T\u00e9ma koncertu zn\u00ed: propojit v\u00e1\u0161e\u0148, trag\u00e9dii i triumf v jedin\u00e9 ud\u00e1losti, kter\u00e1 spojuje um\u011bn\u00ed a historickou pam\u011b\u0165.<\/p>\n\n\n\n<p><em>Foto: Zrozen\u00ed hv\u011bzdy: koncertn\u00ed pocta Em\u011b Destinnov\u00e9<\/em><\/p>\n","protected":false},"excerpt":{"rendered":"<p>V prostor\u00e1ch Dvo\u0159\u00e1kovy s\u00edn\u011b se 17. \u00fanora 2026 chyst\u00e1 v\u00fdjime\u010dn\u00fd ve\u010der: Zrozen\u00ed hv\u011bzdy: koncertn\u00ed pocta Em\u011b Destinnov\u00e9. Hudba, slovo a<\/p>\n","protected":false},"author":1,"featured_media":2293,"comment_status":"open","ping_status":"open","sticky":false,"template":"","format":"standard","meta":{"colormag_page_container_layout":"default_layout","colormag_page_sidebar_layout":"default_layout"},"categories":[53],"tags":[463,466,465,462,464],"_links":{"self":[{"href":"https:\/\/www.iforbes.cz\/index.php\/wp-json\/wp\/v2\/posts\/2292"}],"collection":[{"href":"https:\/\/www.iforbes.cz\/index.php\/wp-json\/wp\/v2\/posts"}],"about":[{"href":"https:\/\/www.iforbes.cz\/index.php\/wp-json\/wp\/v2\/types\/post"}],"author":[{"embeddable":true,"href":"https:\/\/www.iforbes.cz\/index.php\/wp-json\/wp\/v2\/users\/1"}],"replies":[{"embeddable":true,"href":"https:\/\/www.iforbes.cz\/index.php\/wp-json\/wp\/v2\/comments?post=2292"}],"version-history":[{"count":1,"href":"https:\/\/www.iforbes.cz\/index.php\/wp-json\/wp\/v2\/posts\/2292\/revisions"}],"predecessor-version":[{"id":2294,"href":"https:\/\/www.iforbes.cz\/index.php\/wp-json\/wp\/v2\/posts\/2292\/revisions\/2294"}],"wp:featuredmedia":[{"embeddable":true,"href":"https:\/\/www.iforbes.cz\/index.php\/wp-json\/wp\/v2\/media\/2293"}],"wp:attachment":[{"href":"https:\/\/www.iforbes.cz\/index.php\/wp-json\/wp\/v2\/media?parent=2292"}],"wp:term":[{"taxonomy":"category","embeddable":true,"href":"https:\/\/www.iforbes.cz\/index.php\/wp-json\/wp\/v2\/categories?post=2292"},{"taxonomy":"post_tag","embeddable":true,"href":"https:\/\/www.iforbes.cz\/index.php\/wp-json\/wp\/v2\/tags?post=2292"}],"curies":[{"name":"wp","href":"https:\/\/api.w.org\/{rel}","templated":true}]}}