{"id":2341,"date":"2025-10-23T13:52:02","date_gmt":"2025-10-23T13:52:02","guid":{"rendered":"https:\/\/www.iforbes.cz\/?p=2341"},"modified":"2025-10-23T13:52:02","modified_gmt":"2025-10-23T13:52:02","slug":"jan-hrbacek-ve-slepe-spravedlnosti-poodhalil-jaka-je-cena-za-novinarskou-odvahu","status":"publish","type":"post","link":"https:\/\/www.iforbes.cz\/index.php\/2025\/10\/23\/jan-hrbacek-ve-slepe-spravedlnosti-poodhalil-jaka-je-cena-za-novinarskou-odvahu\/","title":{"rendered":"Jan Hrb\u00e1\u010dek ve Slep\u00e9 spravedlnosti poodhalil, jak\u00e1 je cena za novin\u00e1\u0159skou odvahu"},"content":{"rendered":"\n<p><strong>Co novin\u00e1\u0159 ch\u00e1pe jako slu\u017ebu ve\u0159ejnosti, m\u016f\u017ee pr\u00e1vn\u00edk ozna\u010dit za trestn\u00fd \u010din. Na t\u00e9to tenk\u00e9 hranici balancuje celou svoji kari\u00e9ru investigativn\u00ed novin\u00e1\u0159 Jan Hrb\u00e1\u010dek, kter\u00fd st\u00e1l za zve\u0159ejn\u011bn\u00edm legend\u00e1rn\u00ed Kubiceho zpr\u00e1vy i nahr\u00e1vky z intern\u00edho jedn\u00e1n\u00ed \u0159editele BIS Ji\u0159\u00edho Langa s jeho pod\u0159\u00edzen\u00fdmi. V nov\u00e9m d\u00edlu podcastu <em>Slep\u00e1 spravedlnost<\/em> s Petrem a \u0160imonem Tomanov\u00fdmi prob\u00edr\u00e1 etick\u00e9 i pr\u00e1vn\u00ed hranice svobody m\u00e9di\u00ed. Na zm\u00edn\u011bn\u00fdch p\u0159\u00edkladech n\u00e1zorn\u011b ukazuje, \u017ee novin\u00e1\u0159 \u010dasto stoj\u00ed v epicentru konfliktu pr\u00e1va s ve\u0159ejn\u00fdm z\u00e1jmem \u2013 a \u017ee snaha o uml\u010den\u00ed m\u00e9di\u00ed pod z\u00e1minkou ochrany informac\u00ed m\u016f\u017ee ohrozit samotn\u00e9 z\u00e1klady demokracie.<\/strong><\/p>\n\n\n\n<p>V dob\u011b, kdy \u010desk\u00fd medi\u00e1ln\u00ed prostor zaplavily spekulace o povaze tzv. Kubiceho zpr\u00e1vy, pracoval investigativn\u00ed novin\u00e1\u0159 Jan Hrb\u00e1\u010dek pro \u010cesk\u00fd rozhlas. K jedn\u00e9 z nejkontroverzn\u011bj\u0161\u00edch medi\u00e1ln\u011b-bezpe\u010dnostn\u00edch kauz v historii \u010cesk\u00e9 republiky m\u00e1 proto velmi \u00fazk\u00fd, dalo by se \u0159\u00edci osobn\u00ed, vztah. Zpr\u00e1va tehdej\u0161\u00edho \u0159editele \u00daOOZ Jana Kubiceho pojedn\u00e1vala o tom, \u017ee organizovan\u00fd zlo\u010din infiltroval st\u00e1tn\u00ed spr\u00e1vu. Podle Hrb\u00e1\u010dka \u0161lo o d\u016fsledek nahromad\u011bn\u00e9 frustrace bezpe\u010dnostn\u00edch sbor\u016f: <em>\u201ePolicist\u00e9 c\u00edtili, \u017ee se n\u011bkter\u00fdm v\u011bcem nemaj\u00ed v\u011bnovat, jin\u00fdm naopak mus\u00ed. Situace eskalovala do t\u00e9 m\u00edry, \u017ee sepsali Kubiceho zpr\u00e1vu \u2014 tu\u0161\u00edm, \u017ee m\u011bla 32 stran a shrnovala nejz\u00e1va\u017en\u011bj\u0161\u00ed kauzy, kter\u00e9 vy\u0161et\u0159ovali.\u201c<\/em><\/p>\n\n\n\n<p><strong>Zpr\u00e1va, kter\u00e1 ovlivnila volby<\/strong><\/p>\n\n\n\n<p>Podle Hrb\u00e1\u010dka nebyl ani tolik kontroverzn\u00ed obsah zpr\u00e1vy, ale sp\u00ed\u0161 jej\u00ed na\u010dasov\u00e1n\u00ed. To, \u017ee se objevila jen n\u011bkolik m\u00e1lo dn\u00ed p\u0159ed parlamentn\u00edmi volbami, samoz\u0159ejm\u011b rozv\u00ed\u0159ilo diskusi o tom, zda nejde o \u00fa\u010delov\u011b vyvolanou kauzu. Kritiku a n\u00e1tlak tak za\u010dali poci\u0165ovat jak samotn\u00ed p\u0159\u00edslu\u0161n\u00edci bezpe\u010dnostn\u00edch sbor\u016f, tak novin\u00e1\u0159i, kte\u0159\u00ed se t\u00e9matu v\u011bnovali. Jan Hrb\u00e1\u010dek byl jedn\u00edm z nich. <em>\u201eSt\u00e1li jsme p\u0159ed rozhodnut\u00edm, co s t\u00edm. Tehdy jsme se rozhodli zve\u0159ejnit to cel\u00e9 \u2014 bez \u00faprav, bez parafr\u00e1z\u00ed. V\u011bd\u011bli jsme, \u017ee to m\u016f\u017ee ovlivnit volby, ale kdybychom to neud\u011blali, ud\u011bl\u00e1 to n\u011bkdo jin\u00fd \u2014 a ud\u011bl\u00e1 to h\u016f\u0159. Nebylo v tom nic, co bychom p\u0159idali nebo p\u0159ibarvili,\u201c<\/em> popisuje etick\u00e9 dilema, kter\u00e9 musela redakce \u010cesk\u00e9ho rozhlasu vy\u0159e\u0161it.<\/p>\n\n\n\n<p>Jak u\u017e bylo zm\u00edn\u011bno, \u010cesk\u00fd rozhlas nakonec Kubiceho zpr\u00e1vu zve\u0159ejnil a stanovil t\u00edm jist\u00fd precedens do budoucna. Pro Hrb\u00e1\u010dka to byl p\u0159elomov\u00fd moment jeho kari\u00e9ry investigativn\u00edho novin\u00e1\u0159e. Pom\u011brn\u011b z\u00e1hy toti\u017e musel bojovat proti obvin\u011bn\u00edm, \u017ee jednal v holportu s politiky ODS kolem Ivana Langera \u2013 navzdory tomu, \u017ee byl s\u00e1m vy\u0161et\u0159ov\u00e1n a sankcionov\u00e1n za zve\u0159ejn\u011bn\u00ed dokumentu<em>. \u201e\u0158e\u0161il to N\u00e1rodn\u00ed bezpe\u010dnostn\u00ed \u00fa\u0159ad, dostal jsem pokutu 10 tis\u00edc korun za zve\u0159ejn\u011bn\u00ed d\u016fv\u011brn\u00e9ho materi\u00e1lu. Do rozhlasu chodila policie, lidi p\u0159edvol\u00e1vali. Nebyly to klidn\u00e9 \u010dasy,\u201c<\/em> up\u0159es\u0148uje. Na z\u00e1klad\u011b Kubiceho zpr\u00e1vy neprob\u011bhlo \u017e\u00e1dn\u00e9 zat\u010den\u00ed \u2013 p\u0159esto byla s\u00edla zve\u0159ejn\u011bn\u00fdch informac\u00ed natolik velk\u00e1, \u017ee ovlivnila v\u00fdsledky voleb v roce 2006.<\/p>\n\n\n\n<p><strong>Poprask v BIS<\/strong><\/p>\n\n\n\n<p>Jan Hrb\u00e1\u010dek se znovu do pov\u011bdom\u00ed ve\u0159ejnosti zapsal v roce 2014, kdy\u017e p\u016fsobil v <em>Ekonomick\u00e9m den\u00edku<\/em>. Tehdy uve\u0159ejnil nahr\u00e1vku z intern\u00ed porady Bezpe\u010dnostn\u00ed informa\u010dn\u00ed slu\u017eby (BIS), na kter\u00e9 tehdej\u0161\u00ed \u0159editel Ji\u0159\u00ed Lang obvinil d\u016fstojn\u00edka Petra \u017d\u00edlka z \u00faniku odposlech\u016f po\u0159\u00edzen\u00fdch v kauze pra\u017esk\u00e9ho prim\u00e1tora Pavla B\u00e9ma a lobbisty Romana Janou\u0161ka<em>. \u201eTa kauza byla z\u00e1\u0159n\u00fdm p\u0159\u00edkladem toho, jak se v bezpe\u010dnostn\u00edch slu\u017eb\u00e1ch hromad\u00ed nap\u011bt\u00ed. V BIS se vytvo\u0159ily party, kter\u00e9 \u0161ly proti sob\u011b. Nahr\u00e1vka z porady Ji\u0159\u00edho Langa unikla proto, \u017ee n\u011bkdo cht\u011bl upozornit: takhle se to tu d\u011blat nem\u00e1,\u201c <\/em>podot\u00fdk\u00e1 Hrb\u00e1\u010dek. Po odhalen\u00ed pom\u011br\u016f v bezpe\u010dnostn\u00edch slo\u017ek\u00e1ch si te\u010f vzal na pa\u0161k\u00e1l zpravodajsk\u00e9 slu\u017eby.<\/p>\n\n\n\n<p>Ty b\u00fdvaj\u00ed \u010dasto vn\u00edm\u00e1ny jako jak\u00e9si elitn\u00ed struktury st\u00e1tu. Ve\u0159ejnost m\u00e1 p\u0159\u00edstup jen k velmi omezen\u00fdm informac\u00edm o jejich skute\u010dn\u00e9m fungov\u00e1n\u00ed, a tak jak\u00fdkoli z\u00e1kulisn\u00ed vhled vyvol\u00e1v\u00e1 silnou odezvu. Z\u00e1znam z porady nicm\u00e9n\u011b odhalil, \u017ee i v nich se pohybuj\u00ed takzvan\u00ed defekto\u0159i, tedy jedinci stoj\u00edc\u00ed v opozici v\u016f\u010di nejvy\u0161\u0161\u00edmu veden\u00ed. <em>\u201eTajn\u00e1 slu\u017eba m\u00e1 b\u00fdt z principu tajn\u00e1. Ale kdy\u017e se uvnit\u0159 d\u011bj\u00ed v\u011bci, kter\u00e9 u\u017e p\u0159esahuj\u00ed r\u00e1mec legality, je povinnost\u00ed novin\u00e1\u0159e to popsat. A\u0165 u\u017e to n\u011bkomu vad\u00ed nebo ne. J\u00e1 se k t\u00e9 nahr\u00e1vce nedostal tak, \u017ee by mi ji n\u011bkdo podstr\u010dil. J\u00e1 jsem si o ni \u0159ekl \u2014 proto\u017ee jsem v\u011bd\u011bl, \u017ee ta v\u011bc m\u00e1 ve\u0159ejn\u00fd v\u00fdznam,\u201c<\/em> konstatuje Hrb\u00e1\u010dek.<\/p>\n\n\n\n<p><strong>N\u00e1hubky jsou ohro\u017een\u00edm demokracie<\/strong><\/p>\n\n\n\n<p>Oba v\u00fd\u0161e zm\u00edn\u011bn\u00e9 p\u0159\u00edpady dob\u0159e ilustruj\u00ed, jak\u00e1 dilemata mus\u00ed ve sv\u00e9 profesn\u00ed praxi pravideln\u011b \u0159e\u0161it investigativn\u00ed novin\u00e1\u0159i. Podle Hrb\u00e1\u010dka je absolutn\u00ed nutnost\u00ed jist\u00e1 intuice, kter\u00e1 pom\u016f\u017ee rozeznat, zda je prezentovan\u00e1 informace legitimn\u00ed, a kdy jde naopak o manipulaci. P\u0159izn\u00e1v\u00e1, \u017ee pr\u00e1ce se zdroji je komplikovan\u00e1 \u2013 na jednu stranu jde o dvoustrann\u00fd vztah zalo\u017een\u00fd na vz\u00e1jemn\u00e9 d\u016fv\u011b\u0159e, na druhou stranu mus\u00edte b\u00fdt v\u017edy ke sv\u00e9mu prot\u011bj\u0161ku kriti\u010dt\u00ed, pokud se nechcete st\u00e1t jen amplionem ciz\u00ed agendy a c\u00edl\u016f. <em>\u201eZdroje mus\u00edte zn\u00e1t dlouhodob\u011b. Mus\u00edte rozum\u011bt jejich puzen\u00ed \u2014 pro\u010d v\u00e1m to d\u00e1vaj\u00ed. Kdy\u017e v\u00e1m n\u011bkdo \u0159ekne: dej to ven, a\u0165 ho zni\u010d\u00edme, tak s t\u00edm prost\u011b nepracujete. Kdy\u017e v\u00e1m n\u011bkdo n\u011bco podstrk\u00e1v\u00e1 se zlatou ma\u0161li\u010dkou, je to \u0161patn\u011b. To je prvn\u00ed \u010derven\u00fd alarm. Ale kdy\u017e c\u00edt\u00edte, \u017ee jde o syst\u00e9mov\u00fd probl\u00e9m, pak je to relevantn\u00ed,\u201c<\/em> pokou\u0161\u00ed se nast\u00ednit sv\u016fj p\u0159\u00edstup.<\/p>\n\n\n\n<p>Jak se uk\u00e1zalo i v nejnov\u011bj\u0161\u00edm d\u00edle podcastu <em>Slep\u00e1 spravedlnost<\/em>, pohled novin\u00e1\u0159e je \u010dasto velmi odli\u0161n\u00fd od pohledu pr\u00e1vn\u00edka. Co novin\u00e1\u0159 vn\u00edm\u00e1 jako slu\u017ebu ve\u0159ejnosti, m\u016f\u017ee pr\u00e1vn\u00edk klasifikovat jako napom\u00e1h\u00e1n\u00ed trestn\u00e9mu \u010dinu. Ostatn\u011b tento rozpor v p\u0159\u00edstupu je jedn\u00edm z hlavn\u00edch d\u016fvod\u016f, pro\u010d doposud nebyl p\u0159ijat tzv. n\u00e1hubkov\u00fd z\u00e1kon v podob\u011b, v jak\u00e9 jej navrhuje Radek Vondr\u00e1\u010dek z hnut\u00ed ANO. Hrb\u00e1\u010dek to nicm\u00e9n\u011b vn\u00edm\u00e1 jen jako zp\u016fsob, jak zamaskovat neschopnost syst\u00e9mu postihovat skute\u010dn\u00e9 pachatele uvnit\u0159 policie \u010di jin\u00fdch sbor\u016f. <em>\u201eT\u0159icet let se tady mluv\u00ed o \u00fanic\u00edch ze spis\u016f a t\u0159icet let nebyl nikdo potrest\u00e1n. A te\u010f chcete trestat novin\u00e1\u0159e, kte\u0159\u00ed ty informace publikuj\u00ed? To je absurdn\u00ed. Kdy\u017e omez\u00edte m\u00e9dia, omez\u00edte ve\u0159ejnou kontrolu moci. A to je konec demokracie,\u201c<\/em> uzav\u00edr\u00e1 rezolutn\u011b.<\/p>\n\n\n\n<p>Podcast <a href=\"https:\/\/www.slepaspravedlnost.cz\/\" target=\"_blank\" rel=\"noreferrer noopener\"><em>Slep\u00e1 spravedlnost<\/em><\/a> se zam\u011b\u0159uje na osudy a p\u0159\u00edb\u011bhy osob, kter\u00fdm do \u017eivota vstoupilo trestn\u00ed st\u00edh\u00e1n\u00ed. Klade si za c\u00edl hovo\u0159it o vin\u011b a trestu, ale i o \u201e<em>trestu bez viny<\/em>\u201c. Podcastem prov\u00e1z\u00ed renomovan\u00fd advok\u00e1t JUDr. Petr Toman se sv\u00fdm synem Mgr. \u0160imonem Tomanem. Cel\u00fd projekt Slep\u00e1 spravedlnost vznik\u00e1 za podpory advok\u00e1tn\u00ed kancel\u00e1\u0159e <a href=\"https:\/\/www.chrenektomankotrba.cz\/\" target=\"_blank\" rel=\"noreferrer noopener\">Chrenek, Toman, Kotrba<\/a>.<\/p>\n\n\n\n<p><em>Foto: CHTK<\/em><\/p>\n","protected":false},"excerpt":{"rendered":"<p>Co novin\u00e1\u0159 ch\u00e1pe jako slu\u017ebu ve\u0159ejnosti, m\u016f\u017ee pr\u00e1vn\u00edk ozna\u010dit za trestn\u00fd \u010din. Na t\u00e9to tenk\u00e9 hranici balancuje celou svoji kari\u00e9ru<\/p>\n","protected":false},"author":1,"featured_media":2342,"comment_status":"open","ping_status":"open","sticky":false,"template":"","format":"standard","meta":{"colormag_page_container_layout":"default_layout","colormag_page_sidebar_layout":"default_layout"},"categories":[58],"tags":[204,196,489,282,199,203,194,202],"_links":{"self":[{"href":"https:\/\/www.iforbes.cz\/index.php\/wp-json\/wp\/v2\/posts\/2341"}],"collection":[{"href":"https:\/\/www.iforbes.cz\/index.php\/wp-json\/wp\/v2\/posts"}],"about":[{"href":"https:\/\/www.iforbes.cz\/index.php\/wp-json\/wp\/v2\/types\/post"}],"author":[{"embeddable":true,"href":"https:\/\/www.iforbes.cz\/index.php\/wp-json\/wp\/v2\/users\/1"}],"replies":[{"embeddable":true,"href":"https:\/\/www.iforbes.cz\/index.php\/wp-json\/wp\/v2\/comments?post=2341"}],"version-history":[{"count":1,"href":"https:\/\/www.iforbes.cz\/index.php\/wp-json\/wp\/v2\/posts\/2341\/revisions"}],"predecessor-version":[{"id":2343,"href":"https:\/\/www.iforbes.cz\/index.php\/wp-json\/wp\/v2\/posts\/2341\/revisions\/2343"}],"wp:featuredmedia":[{"embeddable":true,"href":"https:\/\/www.iforbes.cz\/index.php\/wp-json\/wp\/v2\/media\/2342"}],"wp:attachment":[{"href":"https:\/\/www.iforbes.cz\/index.php\/wp-json\/wp\/v2\/media?parent=2341"}],"wp:term":[{"taxonomy":"category","embeddable":true,"href":"https:\/\/www.iforbes.cz\/index.php\/wp-json\/wp\/v2\/categories?post=2341"},{"taxonomy":"post_tag","embeddable":true,"href":"https:\/\/www.iforbes.cz\/index.php\/wp-json\/wp\/v2\/tags?post=2341"}],"curies":[{"name":"wp","href":"https:\/\/api.w.org\/{rel}","templated":true}]}}