{"id":2380,"date":"2025-11-24T10:54:42","date_gmt":"2025-11-24T10:54:42","guid":{"rendered":"https:\/\/www.iforbes.cz\/?p=2380"},"modified":"2025-11-24T10:54:42","modified_gmt":"2025-11-24T10:54:42","slug":"osudova-cesta-odsouzene-v-kauze-pelta-mrazive-svedectvi-z-vezeni-i-soudnich-sini","status":"publish","type":"post","link":"https:\/\/www.iforbes.cz\/index.php\/2025\/11\/24\/osudova-cesta-odsouzene-v-kauze-pelta-mrazive-svedectvi-z-vezeni-i-soudnich-sini\/","title":{"rendered":"Osudov\u00e1 cesta odsouzen\u00e9 v kauze &#8222;Pelta&#8220;: mraziv\u00e9 sv\u011bdectv\u00ed  z v\u011bzen\u00ed i soudn\u00edch s\u00edn\u00ed"},"content":{"rendered":"\n<p><strong>Co dok\u00e1\u017ee s psychikou \u010dlov\u011bka ud\u011blat osm let \u017eivota v nejistot\u011b a \u010dek\u00e1n\u00ed na soudn\u00ed verdikt? Sv\u00e9 o tom v\u00ed b\u00fdval\u00e1 n\u00e1m\u011bstkyn\u011b ministryn\u011b \u0161kolstv\u00ed Simona Kratochv\u00edlov\u00e1, pro kterou se trestn\u00ed st\u00edh\u00e1n\u00ed stalo jak\u00fdmsi ment\u00e1ln\u00edm v\u011bzen\u00edm \u2013 i kdy\u017e je na svobod\u011b. V nov\u00e9m d\u00edlu podcastu <a href=\"https:\/\/www.youtube.com\/watch?time_continue=3&amp;v=HjnL-LRVAVo&amp;embeds_referring_euri=https%3A%2F%2Fmail.google.com%2F&amp;embeds_referring_origin=https%3A%2F%2Fmail.google.com&amp;source_ve_path=Mjg2NjY\" data-type=\"URL\" data-id=\"https:\/\/www.youtube.com\/watch?time_continue=3&amp;v=HjnL-LRVAVo&amp;embeds_referring_euri=https%3A%2F%2Fmail.google.com%2F&amp;embeds_referring_origin=https%3A%2F%2Fmail.google.com&amp;source_ve_path=Mjg2NjY\"><em>Slep\u00e1 spravedlnost<\/em> <\/a>se Petrovi a \u0160imonovi Tomanov\u00fdm sv\u011b\u0159ila s t\u00edm, jak (ne)kvalitn\u011b se \u017eije mezi rozsudky, a promluvila i o d\u011btstv\u00ed sv\u00e9 dcery, kter\u00e1 vyr\u016fstala v permanentn\u00ed obav\u011b, kdy maminku odvedou. P\u0159\u00edb\u011bh Kratochv\u00edlov\u00e9 nen\u00ed jen o vin\u011b \u010di nevin\u011b, ale o tom, jak dlouhodob\u00e1 nejistota dok\u00e1\u017ee rozlo\u017eit \u010dlov\u011bka, rodinu i v\u00edru v syst\u00e9m, kter\u00fd by m\u011bl chr\u00e1nit a trestat spravedliv\u011b \u2013 nikoli \u010dek\u00e1n\u00edm.<\/strong><\/p>\n\n\n\n<p>Jm\u00e9no Simony Kratochv\u00edlov\u00e9 je od roku 2017 spojeno s jednou z nejnechvaln\u011bji proslul\u00fdch kauz v historii \u010desk\u00e9ho sportu. P\u0159\u00edpad manipulac\u00ed syst\u00e9mu p\u0159erozd\u011blov\u00e1n\u00ed sportovn\u00edch dotac\u00ed je ale z\u00e1rove\u0148 p\u0159\u00edb\u011bhem o tom, jak neefektivn\u011b m\u016f\u017ee fungovat tuzemsk\u00e1 justice. Kdy\u017e p\u0159i\u0161lo obvin\u011bn\u00ed, \u017ee tehdej\u0161\u00ed n\u00e1m\u011bstkyn\u011b ministryn\u011b \u0161kolstv\u00ed Kratochv\u00edlov\u00e1 na pokyn \u0161\u00e9fa Fotbalov\u00e9 asociace \u010cR (FA\u010cR) Miroslava Pelty manipulovala dota\u010dn\u00ed \u0159\u00edzen\u00ed, bylo j\u00ed t\u0159ia\u010dty\u0159icet let. Dnes oslavila pades\u00e1tku a m\u00e1 za sebou osm let soudn\u00edch tahanic a peripeti\u00ed. <em>\u201eKa\u017ed\u00fd den \u010dek\u00e1m, jestli zazvon\u00ed zvonek a p\u0159ijde ob\u00e1lka, \u017ee m\u00e1m nastoupit do v\u011bzen\u00ed. Osm let se soudci p\u0159ou, jestli jsem vinn\u00e1, nebo nevinn\u00e1, a b\u011bhem t\u00e9 doby j\u00e1 \u017eiju v pekle. Nejen j\u00e1, ale i moje rodina, moje dcera, kter\u00e9 byly t\u0159i roky, kdy\u017e to za\u010dalo,\u201c<\/em> \u0159\u00edk\u00e1.<\/p>\n\n\n\n<p>B\u011bhem zm\u00edn\u011bn\u00fdch osmi let se p\u0159\u00edpad sportovn\u00edch dotac\u00ed p\u0159el\u00e9v\u00e1 mezi soudn\u00edmi instancemi \u2013 zab\u00fdvaly se j\u00edm soudy prvn\u00edho stupn\u011b, odvolac\u00ed instance i Nejvy\u0161\u0161\u00ed soud \u010cR. Simona Kratochv\u00edlov\u00e1 si vyslechla t\u0159i odsuzuj\u00edc\u00ed rozsudky, kter\u00e9 byly n\u00e1sledn\u011b zru\u0161eny. Byla t\u0159ikr\u00e1t zpro\u0161t\u011bna viny, aby pak byla znovu odsouzena. Cel\u00e1 situace dosp\u011bla do bodu, kdy letos v \u0159\u00edjnu str\u00e1vili Kratochv\u00edlov\u00e1 i Pelta n\u011bkolik dn\u00ed ve v\u011bzen\u00ed, na\u010de\u017e byl v\u00fdkon trestu p\u0159eru\u0161en, proto\u017ee se \u010dek\u00e1 na v\u00fdsledek dovolac\u00edho \u0159\u00edzen\u00ed. <em>\u201eNem\u016f\u017eu pracovat, proto\u017ee kdo by m\u011b zam\u011bstnal, kdy\u017e nev\u00ed, jestli za t\u00fdden nebudu ve v\u011bzen\u00ed. Kdy\u017e si chci koupit l\u00edstek do divadla nebo napl\u00e1novat V\u00e1noce, tak nev\u00edm, jestli tam budu,\u201c<\/em> popisuje svou nyn\u011bj\u0161\u00ed realitu.<\/p>\n\n\n\n<p><strong>Hor\u0161\u00ed ne\u017e jak\u00fdkoliv trest<\/strong><\/p>\n\n\n\n<p>Na sv\u00e9 zadr\u017een\u00ed Kratochv\u00edlov\u00e1 vzpom\u00edn\u00e1 jako na sc\u00e9nu z ak\u010dn\u00edho filmu. Jednoho dne se v jej\u00ed kancel\u00e1\u0159i na ministerstvu objevila policie a n\u00e1sledn\u011b byla bez dal\u0161\u00edho p\u0159evezena do vazby v \u00dast\u00ed nad Labem. <em>\u201eSed\u011bla jsem v mal\u00e9 tmav\u00e9 cele a nev\u011bd\u011bla jsem, co se d\u011bje. Byla tam se mnou psycholo\u017eka od policie a \u0159\u00edkala mi: \u201aKdy\u017e budete spolupracovat, nebudete do vazby, za\u010dnete nov\u00fd \u017eivot \u2013 jinde, s jin\u00fdmi lidmi.\u2018 J\u00e1 jsem nech\u00e1pala, o \u010dem mluv\u00ed. Nem\u011bla jsem advok\u00e1ta, nev\u011bd\u011bla jsem, z \u010deho m\u011b obvi\u0148uj\u00ed. M\u011bla jsem jen strach,\u201c<\/em> popisuje naprost\u00fd psychick\u00fd kolaps a pocit bezmoci. Ve vazb\u011b nakonec str\u00e1vila t\u0159i m\u011bs\u00edce a za nejhor\u0161\u00ed z\u00e1\u017eitek ozna\u010duje to, \u017ee musela odevzdat v\u0161echny sv\u00e9 osobn\u00ed v\u011bci \u2013 v\u010detn\u011b snubn\u00edho prstenu.<\/p>\n\n\n\n<p>Ta nejv\u011bt\u0161\u00ed smr\u0161\u0165 ale m\u011bla teprve p\u0159ij\u00edt. Netrvalo dlouho a kauza sportovn\u00edch dotac\u00ed ovl\u00e1dla medi\u00e1ln\u00ed prostor. V\u0161echna m\u00e9dia \u2013 od bulv\u00e1rn\u00edho Blesku po mainstreamovou MF Dnes \u2013 psala t\u00e9m\u011b\u0159 v\u00fdhradn\u011b o n\u00ed a o Peltovi. <em>\u201eAdvok\u00e1ti mi nosili noviny, abych v\u011bd\u011bla, co se d\u011bje. Ale j\u00e1 jen \u010detla, jak se o mn\u011b p\u00ed\u0161e, jak unikaj\u00ed informace ze spisu. Byla jsem zav\u0159en\u00e1 a nemohla nic \u0159\u00edct. Venku m\u011b u\u017e odsoudili,\u201c<\/em> hodnot\u00ed zp\u011btn\u011b. Jej\u00ed pocity nejsou ojedin\u011bl\u00e9 \u2013 o destruktivn\u00edm dopadu t\u011bchto celospole\u010densk\u00fdch p\u0159esah\u016f trestn\u00edho st\u00edh\u00e1n\u00ed hovo\u0159il ji\u017e nejeden z host\u016f podcastu <em>Slep\u00e1 spravedlnost<\/em>. \u201e<em>Byla to nejv\u011bt\u0161\u00ed dehumanizace, jakou jsem kdy za\u017eila,\u201c<\/em> m\u00edn\u00ed o zku\u0161enosti z dob, kdy pob\u00fdvala ve vazb\u011b.<\/p>\n\n\n\n<p>Simona Kratochv\u00edlov\u00e1 se tak v o\u010d\u00edch ve\u0159ejnosti stala \u201etou, co pom\u00e1hala Peltovi rozd\u011blovat dotace\u201c. Vzhledem k tomu, \u017ee \u201ehlavn\u00ed medi\u00e1ln\u00ed hv\u011bzdou\u201c cel\u00e9ho p\u0159\u00edpadu byl nepochybn\u011b tehdej\u0161\u00ed \u0161\u00e9f FA\u010cR, se o jej\u00ed verzi toho, co se skute\u010dn\u011b stalo, p\u0159\u00edli\u0161 nikdo nezaj\u00edmal. Jej\u00ed mo\u017enosti se v podstat\u011b smrskly do duality: p\u0159iznat, nebo nep\u0159iznat vinu. <em>\u201e\u0158\u00edkali mi \u2013 dostanete podm\u00ednku, budete m\u00edt po v\u0161em. Ale j\u00e1 nev\u00edm, k \u010demu bych se m\u011bla p\u0159iznat. Celou dobu p\u0159edkl\u00e1d\u00e1m soudu d\u016fkazy o sv\u00e9 nevin\u011b, sna\u017e\u00edm se vysv\u011btlit situaci. Za co m\u00e1m dostat podm\u00ednku? Za to, \u017ee \u0159\u00edk\u00e1m pravdu?\u201c<\/em> M\u00e9dia se podle n\u00ed za osm let nezm\u011bnila. <em>\u201eOsm let jedou stejnou linku. A to je na tom nejhor\u0161\u00ed \u2013 \u010dlov\u011bk u\u017e ani nem\u00e1 \u0161anci b\u00fdt nevinn\u00fd, proto\u017ee v\u0161ichni u\u017e v\u011b\u0159\u00ed, \u017ee je vinen,\u201c <\/em>dod\u00e1v\u00e1.<\/p>\n\n\n\n<p><strong>Matka ve v\u011bze\u0148sk\u00e9m syst\u00e9mu<\/strong><\/p>\n\n\n\n<p>O \u010dem se ve\u0159ejn\u011b p\u0159\u00edli\u0161 nemluv\u00ed, je fakt, \u017ee Simona Kratochv\u00edlov\u00e1 byla v dob\u011b sv\u00e9ho zadr\u017een\u00ed nejen n\u00e1m\u011bstkyn\u00ed na ministerstvu, ale tak\u00e9 matkou t\u0159\u00edlet\u00e9 hol\u010di\u010dky. Jej\u00ed dce\u0159i je dnes dvan\u00e1ct let a cel\u00e9 sv\u00e9 d\u011btstv\u00ed se musela vyrovn\u00e1vat se strachem, kdy jej\u00ed maminku znovu odvedou. To se nakonec stalo letos v \u0159\u00edjnu \u2013 Kratochv\u00edlov\u00e1 se v\u0161ak na tento moment p\u0159ipravovala u\u017e dlouho p\u0159edt\u00edm. <em>\u201e\u0160est\u00e9ho \u0159\u00edjna jsem nastoupila. M\u011bla jsem v\u0161echno p\u0159ipraven\u00e9 \u2013 slo\u017eky pro man\u017eela, n\u00e1vody, jak zap\u00ednat pra\u010dku, jak odhla\u0161ovat ob\u011bdy, kdy platit pojistky. Organizovala jsem vlastn\u00ed odchod. A pak jsem \u0161la,\u201c<\/em> vzpom\u00edn\u00e1. Pak u\u017e n\u00e1sledoval n\u00e1stup do v\u011bzen\u00ed \u2013 a po t\u0159ech dnech n\u00e1vrat dom\u016f.<\/p>\n\n\n\n<p><em>\u201eKdy\u017e jsem p\u0159i\u0161la na p\u0159\u00edjem, \u0159ekli mi: \u201aOdte\u010f ka\u017ed\u00e9mu budete vykat a zdravit.\u2018 V tu chv\u00edli se mi vypnul mozek. Byl to pocit, \u017ee kon\u010d\u00ed svoboda. Na cele byl v\u0161ude popel, vajgly, \u017eelezn\u00e1 \u017eidle, \u017eelezn\u00fd st\u016fl. Na umyvadle houbi\u010dka, tak jsem v\u0161echno vyt\u0159ela a sed\u011bla. Byla jsem sama \u2013 a to bylo dob\u0159e, proto\u017ee kolem byl jen k\u0159ik a pl\u00e1\u010d z ostatn\u00edch cel,\u201c<\/em> popisuje syrov\u011b a do detailu sv\u016fj prvn\u00ed kontakt se syst\u00e9mem. N\u00e1vrat po t\u0159ech dnech nebyl pro rodinu \u00falevou, jak by se mohlo zd\u00e1t. Byl naopak zdrojem dal\u0161\u00edho \u0161oku: <em>\u201eKdy\u017e jsem p\u0159i\u0161la dom\u016f, moje dcera dostala hysterick\u00fd z\u00e1chvat. \u0158vala: \u201aM\u00e1minko, \u017ee u\u017e neodejde\u0161!\u2018 J\u00e1 jsem nev\u011bd\u011bla, co \u0159\u00edct. Proto\u017ee j\u00e1 to nev\u00edm.\u201c<\/em><\/p>\n\n\n\n<p><strong>Na svobod\u011b, ale ne svobodn\u00e1<\/strong><\/p>\n\n\n\n<p>Moment\u00e1ln\u011b je situace takov\u00e1, \u017ee Nejvy\u0161\u0161\u00ed soud \u010cR v\u00fdkon trestu odn\u011bt\u00ed svobody Simon\u011b Kratochv\u00edlov\u00e9 odlo\u017eil, dokud nebude rozhodnuto o dovol\u00e1n\u00ed. Sv\u016fj \u010das tedy tr\u00e1v\u00ed na svobod\u011b, po psychick\u00e9 str\u00e1nce se v\u0161ak svobodn\u00e1 nec\u00edt\u00ed. <em>\u201eT\u011bch osm let je trest s\u00e1m o sob\u011b. J\u00e1 u\u017e jsem potrestan\u00e1 \u2013 bez ohledu na to, jak to dopadne. P\u0159i\u0161la jsem o pr\u00e1ci, o pov\u011bst, o klid. Nechci ale v sob\u011b nosit zlobu. V\u011b\u0159\u00edm v karmu. Kdy\u017e jsi k lidem dobr\u00fd, vr\u00e1t\u00ed se ti to. Kdy\u017e jim ubl\u00ed\u017e\u00ed\u0161, vr\u00e1t\u00ed se ti to taky. J\u00e1 se nep\u0159izn\u00e1m k n\u011b\u010demu, co jsem neud\u011blala, jen abych m\u011bla klid. Proto\u017ee bych pak musela \u017e\u00edt s n\u011b\u010d\u00edm, co nen\u00ed pravda,\u201c<\/em> uzav\u00edr\u00e1.<\/p>\n\n\n\n<p>Podle moder\u00e1tor\u016f podcastu <em>Slep\u00e1 spravedlnost<\/em>, Petra a \u0160imona Tomanov\u00fdch, \u0161lo o jedno z v\u016fbec nejn\u00e1ro\u010dn\u011bj\u0161\u00edch nat\u00e1\u010den\u00ed \u2013 atmosf\u00e9ra byla po celou dobu extr\u00e9mn\u011b emo\u010dn\u011b vyhrocen\u00e1. <em>\u201eTohle nen\u00ed p\u0159\u00edb\u011bh o tom, jestli je Simona Kratochv\u00edlov\u00e1 vinn\u00e1, nebo nevinn\u00e1. Je to o tom, co ud\u011bl\u00e1 osm let nejistoty s psychikou \u010dlov\u011bka a jak syst\u00e9m dok\u00e1\u017ee zni\u010dit \u017eivot i tam, kde je\u0161t\u011b nepadl rozsudek. Ve Slep\u00e9 spravedlnosti \u0159\u00edk\u00e1me, \u017ee jsou lid\u00e9, kte\u0159\u00ed byli odsouzeni bez viny \u2013 a jin\u00ed, kte\u0159\u00ed si odpyk\u00e1vaj\u00ed vinu bez rozsudku. Simona Kratochv\u00edlov\u00e1 \u017eije u\u017e osm let mezi t\u011bmito dv\u011bma sv\u011bty,\u201c<\/em> dopl\u0148uje \u0160imon Toman.Podcast <a href=\"https:\/\/www.slepaspravedlnost.cz\/\"><em>Slep\u00e1 spravedlnost<\/em><\/a><em> <\/em>se zam\u011b\u0159uje na osudy a p\u0159\u00edb\u011bhy osob, kter\u00fdm do \u017eivota vstoupilo trestn\u00ed st\u00edh\u00e1n\u00ed. Klade si za c\u00edl hovo\u0159it o vin\u011b a trestu, ale i o \u201e<em>trestu bez viny<\/em>\u201c. Podcastem prov\u00e1z\u00ed renomovan\u00fd advok\u00e1t JUDr. Petr Toman se sv\u00fdm synem Mgr. \u0160imonem Tomanem. Cel\u00fd projekt Slep\u00e1 spravedlnost vznik\u00e1 za podpory advok\u00e1tn\u00ed kancel\u00e1\u0159e <a href=\"https:\/\/www.chrenektomankotrba.cz\/\">Chrenek, Toman, Kotrba<\/a>.<\/p>\n","protected":false},"excerpt":{"rendered":"<p>Co dok\u00e1\u017ee s psychikou \u010dlov\u011bka ud\u011blat osm let \u017eivota v nejistot\u011b a \u010dek\u00e1n\u00ed na soudn\u00ed verdikt? Sv\u00e9 o tom v\u00ed<\/p>\n","protected":false},"author":1,"featured_media":2381,"comment_status":"open","ping_status":"open","sticky":false,"template":"","format":"standard","meta":{"colormag_page_container_layout":"default_layout","colormag_page_sidebar_layout":"default_layout"},"categories":[1],"tags":[],"_links":{"self":[{"href":"https:\/\/www.iforbes.cz\/index.php\/wp-json\/wp\/v2\/posts\/2380"}],"collection":[{"href":"https:\/\/www.iforbes.cz\/index.php\/wp-json\/wp\/v2\/posts"}],"about":[{"href":"https:\/\/www.iforbes.cz\/index.php\/wp-json\/wp\/v2\/types\/post"}],"author":[{"embeddable":true,"href":"https:\/\/www.iforbes.cz\/index.php\/wp-json\/wp\/v2\/users\/1"}],"replies":[{"embeddable":true,"href":"https:\/\/www.iforbes.cz\/index.php\/wp-json\/wp\/v2\/comments?post=2380"}],"version-history":[{"count":1,"href":"https:\/\/www.iforbes.cz\/index.php\/wp-json\/wp\/v2\/posts\/2380\/revisions"}],"predecessor-version":[{"id":2382,"href":"https:\/\/www.iforbes.cz\/index.php\/wp-json\/wp\/v2\/posts\/2380\/revisions\/2382"}],"wp:featuredmedia":[{"embeddable":true,"href":"https:\/\/www.iforbes.cz\/index.php\/wp-json\/wp\/v2\/media\/2381"}],"wp:attachment":[{"href":"https:\/\/www.iforbes.cz\/index.php\/wp-json\/wp\/v2\/media?parent=2380"}],"wp:term":[{"taxonomy":"category","embeddable":true,"href":"https:\/\/www.iforbes.cz\/index.php\/wp-json\/wp\/v2\/categories?post=2380"},{"taxonomy":"post_tag","embeddable":true,"href":"https:\/\/www.iforbes.cz\/index.php\/wp-json\/wp\/v2\/tags?post=2380"}],"curies":[{"name":"wp","href":"https:\/\/api.w.org\/{rel}","templated":true}]}}