{"id":2408,"date":"2025-12-01T12:57:05","date_gmt":"2025-12-01T12:57:05","guid":{"rendered":"https:\/\/www.iforbes.cz\/?p=2408"},"modified":"2025-12-01T12:57:05","modified_gmt":"2025-12-01T12:57:05","slug":"hospodarska-komora-se-na-prioritach-s-budouci-vladou-shoduje","status":"publish","type":"post","link":"https:\/\/www.iforbes.cz\/index.php\/2025\/12\/01\/hospodarska-komora-se-na-prioritach-s-budouci-vladou-shoduje\/","title":{"rendered":"Hospod\u00e1\u0159sk\u00e1 komora se na priorit\u00e1ch s budouc\u00ed vl\u00e1dou shoduje"},"content":{"rendered":"\n<p><strong>Hospod\u00e1\u0159sk\u00e1 komora \u010cesk\u00e9 republiky (HK \u010cR) na dne\u0161n\u00ed celokomorov\u00e9 porad\u011b v&nbsp;T\u0159eb\u00ed\u010di otev\u0159ela za \u00fa\u010dasti z\u00e1stupc\u016f budouc\u00ed vl\u00e1dy Karla Havl\u00ed\u010dka a <a>Zuzany Schwarz Ba\u0159tip\u00e1nov\u00e9 <\/a>(oba ANO) kl\u00ed\u010dov\u00e1 t\u00e9mata pro konkurenceschopnost \u010ceska. Hlavn\u00edmi body jedn\u00e1n\u00ed byly hospod\u00e1\u0159sk\u00e1 politika nov\u00e9 vl\u00e1dy, ceny energi\u00ed, nov\u00fd stavebn\u00ed z\u00e1kon a antibyrokratick\u00fd z\u00e1kon. Podnikatel\u00e9 se s politiky shodli, \u017ee nezbytn\u00fdm z\u00e1kladem pro r\u016fst \u010desk\u00e9 ekonomiky je syst\u00e9mov\u00e9 \u0159e\u0161en\u00ed neod\u016fvodn\u011bn\u00e9 regulatorn\u00ed a nadm\u011brn\u00e9 administrativn\u00ed z\u00e1t\u011b\u017ee podnikatel\u016f a urychlen\u00ed v\u00fdstavby p\u0159edstavuj\u00ed oblasti.<\/strong><\/p>\n\n\n\n<p>Priority podnikatel\u016f se podle HK \u010cR v mnoha bodech shoduj\u00ed s programov\u00fdm prohl\u00e1\u0161en\u00edm vznikaj\u00edc\u00ed vl\u00e1dy \u2013 zejm\u00e9na v oblastech&nbsp;sni\u017eov\u00e1n\u00ed administrativn\u00ed z\u00e1t\u011b\u017ee,&nbsp;modernizace dopravn\u00ed a energetick\u00e9 infrastruktury,&nbsp;strategick\u00fdch zm\u011bn ve stavebn\u00edm pr\u00e1vu a podpo\u0159e bydlen\u00ed,&nbsp;digitalizace st\u00e1tu&nbsp;a&nbsp;u\u017e\u0161\u00ed spolupr\u00e1ce \u0161kol a firem v odborn\u00e9m vzd\u011bl\u00e1v\u00e1n\u00ed. Proto je nezbytn\u00e9, aby vl\u00e1da postupovala v \u00fazk\u00e9 spolupr\u00e1ci s podnikatelsk\u00fdm sektorem, a to jak p\u0159i p\u0159\u00edprav\u011b legislativn\u00edch zm\u011bn, tak p\u0159i realizaci investi\u010dn\u00edch projekt\u016f.<\/p>\n\n\n\n<p>\u201e<em>V\u00edt\u00e1me, \u017ee se velk\u00e1 \u010d\u00e1st na\u0161ich priorit objevila v programu budouc\u00ed vl\u00e1dy. Shodujeme se na tom, \u017ee \u010cesk\u00e1 republika pot\u0159ebuje lep\u0161\u00ed infrastrukturu, dostupnou energii, modern\u00ed vzd\u011bl\u00e1v\u00e1n\u00ed a m\u00e9n\u011b byrokracie. Te\u010f ale bude d\u016fle\u017eit\u00e9, aby vl\u00e1da dok\u00e1zala tyto z\u00e1m\u011bry p\u0159ev\u00e9st do konkr\u00e9tn\u00edch krok\u016f a aby podnikatel\u00e9 byli u toho<\/em>,\u201c uvedl prezident Hospod\u00e1\u0159sk\u00e9 komory Zden\u011bk Zaj\u00ed\u010dek.<\/p>\n\n\n\n<p>Karel Havl\u00ed\u010dek v&nbsp;\u00favodu porady ocenil v\u017edy korektn\u00ed spolupr\u00e1ci s&nbsp;Hospod\u00e1\u0159skou komorou a p\u0159edstavil kl\u00ed\u010dov\u00e9 obrysy aktu\u00e1ln\u00edch pl\u00e1n\u016f v oblasti pr\u016fmyslov\u00e9 politiky, energetiky, digitalizace a investic. Zd\u016fraznil, \u017ee nov\u00e1 vl\u00e1da m\u00e1 ambici postupovat rychle a \u017ee n\u011bkter\u00e9 n\u00e1vrhy Hospod\u00e1\u0159sk\u00e9 komory budou p\u0159\u00edmo zapracov\u00e1ny do implementa\u010dn\u00edch pl\u00e1n\u016f. Potvrdil mimo jin\u00e9 podporu syst\u00e9mov\u00e9mu \u0159e\u0161en\u00ed nadm\u011brn\u00e9 regulatorn\u00ed a byrokratick\u00e9 z\u00e1t\u011b\u017ee podnikatel\u016f, kter\u00e9 prosazuje jako svoji prioritu Hospod\u00e1\u0159sk\u00e1 komora svou iniciativou Byrokratick\u00fd detox.<\/p>\n\n\n\n<p>\u201e<em>Mn\u011b se Byrokratick\u00fd detox l\u00edb\u00ed a jsem p\u0159ipraven se do toho s&nbsp;Hospod\u00e1\u0159skou komorou pustit a prosadit antibyrokratick\u00fd z\u00e1kon. Chci ale tak\u00e9 dohodu na n\u011bjak\u00e9m desateru hmatateln\u00fdch aktu\u00e1ln\u00edch opat\u0159en\u00ed pro debyrokratizaci a slibuji, \u017ee Hospod\u00e1\u0159sk\u00e1 komora na to bude m\u00edt velk\u00fd vliv<\/em>,\u201c \u0159ekl Karel Havl\u00ed\u010dek.<\/p>\n\n\n\n<p>Ve stavebn\u00ed legislativ\u011b HK \u010cR dlouhodob\u011b prosazuje z\u00e1sadn\u00ed&nbsp;zrychlen\u00ed a zjednodu\u0161en\u00ed povolov\u00e1n\u00ed&nbsp;\u2013 v\u010detn\u011b principu&nbsp;\u201ejeden \u00fa\u0159ad \u2013 jedno \u0159\u00edzen\u00ed \u2013 jedno raz\u00edtko\u201c,&nbsp;zkr\u00e1cen\u00ed \u0159\u00edzen\u00ed na jeden rok&nbsp;a&nbsp;funk\u010dn\u00ed digitalizaci. Komora podporuje modernizaci stavebn\u00edho pr\u00e1va, kter\u00e1 odstran\u00ed neod\u016fvodn\u011bn\u00e9 p\u0159ek\u00e1\u017eky, sjednot\u00ed praxi \u00fa\u0159ad\u016f a umo\u017en\u00ed rychle rozh\u00fdbat investice do bytov\u00e9, dopravn\u00ed i ve\u0159ejn\u00e9 infrastruktury.<\/p>\n\n\n\n<p>Zuzana Schwarz Ba\u0159tip\u00e1nov\u00e1, kter\u00e1 je nominov\u00e1na do \u010dela ministerstva pro m\u00edstn\u00ed rozvoj, potvrdila, \u017ee nov\u00e1 koalice chce novelu stavebn\u00edho z\u00e1kona, kter\u00e1 m\u00e1 podporu Hospod\u00e1\u0159sk\u00e9 komory, prosadit v&nbsp;nejkrat\u0161\u00edm mo\u017en\u00e9m term\u00ednu.<\/p>\n\n\n\n<p>\u201e<em>Po\u010d\u00edt\u00e1me s t\u00edm, \u017ee novela stavebn\u00edho z\u00e1kona projde zkr\u00e1cen\u00fdm legislativn\u00edm procesem a nabude \u00fa\u010dinnosti od&nbsp; 1. ledna 2027. Sou\u010d\u00e1st\u00ed bude i zaveden\u00ed metodick\u00e9ho syst\u00e9mu pro stavebn\u00ed \u00fa\u0159ady, aby se rozhodovalo po cel\u00e9 republice jednotn\u011b a p\u0159edv\u00eddateln\u011b<\/em>,\u201c uvedla Zuzana Schwarz Ba\u0159tip\u00e1nov\u00e1.<\/p>\n\n\n\n<p>Prezident Zden\u011bk Zaj\u00ed\u010dek na z\u00e1v\u011br zd\u016fraznil, \u017ee Hospod\u00e1\u0159sk\u00e1 komora je p\u0159ipravena s&nbsp;vl\u00e1dou i dal\u0161\u00edmi partnery na napl\u0148ov\u00e1n\u00ed spole\u010dn\u00fdch priorit aktivn\u011b spolupracovat. \u201e<em>Chceme b\u00fdt konstruktivn\u00edm partnerem. Z\u00e1rove\u0148 v\u0161ak budeme pe\u010dliv\u011b sledovat, zda vl\u00e1da v oblastech, kde jsou nutn\u00e9 struktur\u00e1ln\u00ed zm\u011bny, projev\u00ed dost politick\u00e9 odvahy. Teprve konkr\u00e9tn\u00ed kroky uk\u00e1\u017e\u00ed, zda zm\u011bny p\u0159inesou podnikatel\u016fm hmatateln\u00e9 zlep\u0161en\u00ed,<\/em>\u201c dodal Zaj\u00ed\u010dek.<\/p>\n\n\n\n<p>\u201e<em>Odv\u00e1\u017e\u00edm si plno \u00fakol\u016f, po\u010d\u00edt\u00e1m s&nbsp;t\u00edm, \u017ee se za n\u011bkolik m\u011bs\u00edc\u016f op\u011bt sejdeme a \u017ee budu skl\u00e1dat \u00fa\u010dty nad t\u00edm, co se poda\u0159ilo nebo da\u0159\u00ed prosadit<\/em>,\u201c uzav\u0159el Karel Havl\u00ed\u010dek.<\/p>\n\n\n\n<p>Z\u00e1stupci region\u00e1ln\u00edch komor a oborov\u00fdch spole\u010denstev na sv\u00e9m \u0161irok\u00e9m setk\u00e1n\u00ed diskutovali tak\u00e9 strategick\u00fd r\u00e1mec politiky soudr\u017enosti 2028+, novelizaci \u0161kolsk\u00e9ho z\u00e1kona a rozvoj du\u00e1ln\u00edho vzd\u011bl\u00e1v\u00e1n\u00ed.<\/p>\n\n\n\n<p><em>Foto: HK \u010cR<\/em><\/p>\n","protected":false},"excerpt":{"rendered":"<p>Hospod\u00e1\u0159sk\u00e1 komora \u010cesk\u00e9 republiky (HK \u010cR) na dne\u0161n\u00ed celokomorov\u00e9 porad\u011b v&nbsp;T\u0159eb\u00ed\u010di otev\u0159ela za \u00fa\u010dasti z\u00e1stupc\u016f budouc\u00ed vl\u00e1dy Karla Havl\u00ed\u010dka a<\/p>\n","protected":false},"author":1,"featured_media":2409,"comment_status":"open","ping_status":"open","sticky":false,"template":"","format":"standard","meta":{"colormag_page_container_layout":"default_layout","colormag_page_sidebar_layout":"default_layout"},"categories":[58],"tags":[530,528,281,531,532,278,529],"_links":{"self":[{"href":"https:\/\/www.iforbes.cz\/index.php\/wp-json\/wp\/v2\/posts\/2408"}],"collection":[{"href":"https:\/\/www.iforbes.cz\/index.php\/wp-json\/wp\/v2\/posts"}],"about":[{"href":"https:\/\/www.iforbes.cz\/index.php\/wp-json\/wp\/v2\/types\/post"}],"author":[{"embeddable":true,"href":"https:\/\/www.iforbes.cz\/index.php\/wp-json\/wp\/v2\/users\/1"}],"replies":[{"embeddable":true,"href":"https:\/\/www.iforbes.cz\/index.php\/wp-json\/wp\/v2\/comments?post=2408"}],"version-history":[{"count":1,"href":"https:\/\/www.iforbes.cz\/index.php\/wp-json\/wp\/v2\/posts\/2408\/revisions"}],"predecessor-version":[{"id":2410,"href":"https:\/\/www.iforbes.cz\/index.php\/wp-json\/wp\/v2\/posts\/2408\/revisions\/2410"}],"wp:featuredmedia":[{"embeddable":true,"href":"https:\/\/www.iforbes.cz\/index.php\/wp-json\/wp\/v2\/media\/2409"}],"wp:attachment":[{"href":"https:\/\/www.iforbes.cz\/index.php\/wp-json\/wp\/v2\/media?parent=2408"}],"wp:term":[{"taxonomy":"category","embeddable":true,"href":"https:\/\/www.iforbes.cz\/index.php\/wp-json\/wp\/v2\/categories?post=2408"},{"taxonomy":"post_tag","embeddable":true,"href":"https:\/\/www.iforbes.cz\/index.php\/wp-json\/wp\/v2\/tags?post=2408"}],"curies":[{"name":"wp","href":"https:\/\/api.w.org\/{rel}","templated":true}]}}