{"id":2413,"date":"2025-12-05T10:48:44","date_gmt":"2025-12-05T10:48:44","guid":{"rendered":"https:\/\/www.iforbes.cz\/?p=2413"},"modified":"2025-12-05T10:48:44","modified_gmt":"2025-12-05T10:48:44","slug":"jake-mineraly-se-hodi-na-vanocni-stul-prehled-symbolu-pro-zdravi-hojnost-i-vztahy","status":"publish","type":"post","link":"https:\/\/www.iforbes.cz\/index.php\/2025\/12\/05\/jake-mineraly-se-hodi-na-vanocni-stul-prehled-symbolu-pro-zdravi-hojnost-i-vztahy\/","title":{"rendered":"Jak\u00e9 miner\u00e1ly se hod\u00ed na v\u00e1no\u010dn\u00ed st\u016fl? P\u0159ehled symbol\u016f pro zdrav\u00ed, hojnost i vztahy"},"content":{"rendered":"\n<p><strong>V\u00e1noce jsou \u010dasem tradic, p\u0159\u00e1n\u00ed a drobn\u00fdch symbol\u016f, kter\u00e9 do domova p\u0159in\u00e1\u0161ej\u00ed klid, hojnost i pocit vz\u00e1jemnosti. Pokud letos hled\u00e1te nov\u00fd, p\u0159irozen\u00fd a nen\u00e1ro\u010dn\u00fd prvek, kter\u00fd dod\u00e1 sv\u00e1te\u010dn\u00edmu stolu i atmosf\u00e9\u0159e v\u00edce harmonie, m\u016f\u017ee b\u00fdt inspirac\u00ed jednoduch\u00fd zvyk \u2013 pou\u017eit\u00ed miner\u00e1l\u016f jako sou\u010d\u00e1sti v\u00e1no\u010dn\u00ed v\u00fdzdoby.<\/strong><\/p>\n\n\n\n<p>\u201eLid\u00e9 si o V\u00e1noc\u00edch nej\u010dast\u011bji p\u0159ej\u00ed klid, pohodu a porozum\u011bn\u00ed,\u201c \u0159\u00edk\u00e1 Michaela Ka\u010dena ze svetmineralu.cz. \u201eA pr\u00e1v\u011b miner\u00e1ly mohou b\u00fdt hezkou p\u0159ipom\u00ednkou toho, co si chceme do sv\u00e1tk\u016f p\u0159in\u00e9st \u2013 a\u0165 u\u017e jde o zdrav\u00ed, l\u00e1sku nebo stabilitu.\u201d<\/p>\n\n\n\n<p><strong>V\u00e1no\u010dn\u00ed ritu\u00e1l m\u00edsto \u010dek\u00e1n\u00ed na zlat\u00e9 pras\u00e1tko\u2026<\/strong><\/p>\n\n\n\n<p>Zn\u00e1m\u00e1 pov\u011bra \u0159\u00edk\u00e1, \u017ee \u010dlov\u011bk uvid\u00ed \u201ezlat\u00e9 pras\u00e1tko\u201c, pokud se na \u0160t\u011bdr\u00fd den post\u00ed. Pokud si ale chcete symboliku spln\u011bn\u00e9ho p\u0159\u00e1n\u00ed p\u0159ipomenout i bez p\u016fstu, sta\u010d\u00ed na st\u016fl polo\u017eit miner\u00e1l, kter\u00fd odpov\u00edd\u00e1 tomu, co si p\u0159ejete do nov\u00e9ho roku.<\/p>\n\n\n\n<p><a href=\"https:\/\/www.svetmineralu.cz\/citrin\/\" target=\"_blank\" rel=\"noreferrer noopener\"><strong>Citr\u00edn<\/strong><\/a><strong> \u2013 hojnost, prosperita, pen\u00edze a vize dostatku<\/strong><\/p>\n\n\n\n<p>Citr\u00edn se poj\u00ed s energi\u00ed prosperity, otev\u0159en\u00fdch p\u0159\u00edle\u017eitost\u00ed a zdrav\u00e9ho sebev\u011bdom\u00ed. Lid\u00e9 po n\u011bm sahaj\u00ed, kdy\u017e cht\u011bj\u00ed vstoupit do nov\u00e9ho roku s jasnou viz\u00ed dostatku \u2013 finan\u010dn\u00edho i emocion\u00e1ln\u00edho. Jeho syt\u011b \u017elut\u00fd odst\u00edn nav\u00edc p\u0159irozen\u011b evokuje symboliku \u201ezlat\u00e9ho pras\u00e1tka\u201c a p\u0159\u00e1n\u00ed hojnosti.<\/p>\n\n\n\n<p><strong>\u201eCitr\u00edn zvy\u0161uje schopnost vid\u011bt p\u0159\u00edle\u017eitosti a posiluje d\u016fv\u011bru ve vlastn\u00ed rozhodnut\u00ed. V dob\u011b bilancov\u00e1n\u00ed a pl\u00e1nov\u00e1n\u00ed p\u0159\u00ed\u0161t\u00edho roku p\u016fsob\u00ed jako v\u00fdrazn\u00fd symbol r\u016fstu a \u017eivotn\u00ed lehkosti,\u201c<\/strong> \u0159\u00edk\u00e1 Michaela Ka\u010dena ze svetmineralu.cz.<\/p>\n\n\n\n<div class=\"wp-block-image\"><figure class=\"aligncenter\"><img src=\"http:\/\/www.neverdie.cz\/wp-content\/uploads\/2025\/12\/Citrin-1024x775.jpg\" alt=\"\" class=\"wp-image-22863\"\/><\/figure><\/div>\n\n\n\n<p><a href=\"https:\/\/www.svetmineralu.cz\/ruzenin\/\" target=\"_blank\" rel=\"noreferrer noopener\"><strong>R\u016f\u017een\u00edn <\/strong><\/a><strong>\u2013 vztahy, l\u00e1ska, jemnost a teplo domova<\/strong><\/p>\n\n\n\n<p>R\u016f\u017een\u00edn reprezentuje laskavost, porozum\u011bn\u00ed a klidn\u00e9 vztahy. Vn\u00e1\u0161\u00ed do rodiny m\u011bk\u010d\u00ed t\u00f3n, podporuje otev\u0159en\u011bj\u0161\u00ed komunikaci a p\u0159ipom\u00edn\u00e1, \u017ee V\u00e1noce jsou p\u0159edev\u0161\u00edm o vztaz\u00edch a o lidech, kte\u0159\u00ed sed\u00ed u jednoho stolu.<\/p>\n\n\n\n<p><strong>\u201eR\u016f\u017een\u00edn zm\u00edr\u0148uje nap\u011bt\u00ed a podporuje v\u011bt\u0161\u00ed citlivost k pot\u0159eb\u00e1m druh\u00fdch. V rodinn\u00e9 atmosf\u00e9\u0159e vytv\u00e1\u0159\u00ed prostor pro jemnost, kterou si o sv\u00e1tc\u00edch \u010dasto p\u0159ejeme nejv\u00edc,\u201c<\/strong> dopl\u0148uje Ka\u010dena.<\/p>\n\n\n\n<div class=\"wp-block-image\"><figure class=\"aligncenter\"><img src=\"http:\/\/www.neverdie.cz\/wp-content\/uploads\/2025\/12\/Set-ruzenin-1024x771.jpg\" alt=\"\" class=\"wp-image-22864\"\/><\/figure><\/div>\n\n\n\n<p><a href=\"https:\/\/www.svetmineralu.cz\/kristal\/\" target=\"_blank\" rel=\"noreferrer noopener\"><strong>K\u0159i\u0161\u0165\u00e1l <\/strong><\/a><strong>\u2013 zdrav\u00ed, \u010distota a nov\u00fd za\u010d\u00e1tek<\/strong><\/p>\n\n\n\n<p>K\u0159i\u0161\u0165\u00e1l propojuje jasnost, rovnov\u00e1hu a \u010distou mysl. Umo\u017e\u0148uje soust\u0159edit se na to, co je skute\u010dn\u011b d\u016fle\u017eit\u00e9, a otev\u00edr\u00e1 prostor pro pocit lehkosti. Na p\u0159elomu roku p\u016fsob\u00ed p\u0159irozen\u011b \u2013 je symbolem o\u010disty a v\u011bdom\u00e9ho nov\u00e9ho startu.<\/p>\n\n\n\n<p><strong>\u201eK\u0159i\u0161\u0165\u00e1l p\u0159in\u00e1\u0161\u00ed do prostoru pocit sv\u011b\u017eesti a rovnov\u00e1hy. Jeho p\u0159irozen\u00e1 pr\u016fzra\u010dnost navozuje slavnostn\u00ed, ale klidnou atmosf\u00e9ru, kter\u00e1 se k V\u00e1noc\u016fm kr\u00e1sn\u011b hod\u00ed,\u201c<\/strong> uv\u00e1d\u00ed Ka\u010dena.<\/p>\n\n\n\n<div class=\"wp-block-image\"><figure class=\"aligncenter\"><img src=\"http:\/\/www.neverdie.cz\/wp-content\/uploads\/2025\/12\/Kristal-1024x755.jpg\" alt=\"\" class=\"wp-image-22865\"\/><\/figure><\/div>\n\n\n\n<p><a href=\"https:\/\/www.svetmineralu.cz\/tygri-oko\/\" target=\"_blank\" rel=\"noreferrer noopener\"><strong>Tyg\u0159\u00ed oko <\/strong><\/a><strong>\u2013 stabilita, hranice a jistota v emoc\u00edch<\/strong><\/p>\n\n\n\n<p>Tyg\u0159\u00ed oko se spojuje s vnit\u0159n\u00ed pevnost\u00ed a klidn\u00fdm nadhledem. V obdob\u00ed, kdy se setk\u00e1vaj\u00ed siln\u00e9 emoce, pln\u00e9 domy a vysok\u00e1 o\u010dek\u00e1v\u00e1n\u00ed, p\u0159in\u00e1\u0161\u00ed pocit jistoty a jasn\u00e9ho sm\u011bru.<\/p>\n\n\n\n<p><strong>\u201eTyg\u0159\u00ed oko ukotvuje a vrac\u00ed pozornost k tomu, co je podstatn\u00e9. \u010clov\u011bk d\u00edky n\u011bmu reaguje klidn\u011bji a s v\u011bt\u0161\u00ed sebejistotou \u2014 co\u017e je b\u011bhem sv\u00e1tk\u016f velmi cenn\u00e9,\u201c<\/strong> vysv\u011btluje Ka\u010dena.<\/p>\n\n\n\n<div class=\"wp-block-image\"><figure class=\"aligncenter\"><img src=\"http:\/\/www.neverdie.cz\/wp-content\/uploads\/2025\/12\/Tygri-oko.webp\" alt=\"\" class=\"wp-image-22866\"\/><\/figure><\/div>\n\n\n\n<p><a href=\"https:\/\/www.svetmineralu.cz\/ametyst\/\" target=\"_blank\" rel=\"noreferrer noopener\"><strong>&nbsp;Ametyst<\/strong><\/a><strong> \u2013 klid, ticho a jemn\u00e1 atmosf\u00e9ra domova<\/strong><\/p>\n\n\n\n<p>Ametyst propojuje eleganci, klid a du\u0161evn\u00ed hygienu. Zjem\u0148uje energii v dom\u00e1cnosti a vytv\u00e1\u0159\u00ed atmosf\u00e9ru, kter\u00e1 vyb\u00edz\u00ed k odpo\u010dinku a hlub\u0161\u00edmu pro\u017e\u00edv\u00e1n\u00ed spole\u010dn\u00fdch chvil.<\/p>\n\n\n\n<p><strong>\u201eAmetyst vytv\u00e1\u0159\u00ed kultivovan\u00fd, klidn\u00fd prostor. Uvol\u0148uje nap\u011bt\u00ed a podporuje pocit bezpe\u010d\u00ed, kter\u00fd lid\u00e9 b\u011bhem zimn\u00edch sv\u00e1tk\u016f intuitivn\u011b vyhled\u00e1vaj\u00ed,\u201c<\/strong> dod\u00e1v\u00e1 Ka\u010dena.<\/p>\n\n\n\n<div class=\"wp-block-image\"><figure class=\"aligncenter\"><img src=\"http:\/\/www.neverdie.cz\/wp-content\/uploads\/2025\/12\/Ametyst-1024x768.jpg\" alt=\"\" class=\"wp-image-22867\"\/><\/figure><\/div>\n\n\n\n<p><strong>Miner\u00e1ly jako drobn\u00fd v\u00e1no\u010dn\u00ed d\u00e1rek\u2026<\/strong><\/p>\n\n\n\n<p>M\u00edsto klasick\u00e9 figurky pras\u00e1tka, kter\u00e1 se v&nbsp;n\u011bkter\u00fdch rodin\u00e1ch pokl\u00e1d\u00e1 pod tal\u00ed\u0159, m\u016f\u017eete letos zkusit n\u011bco jin\u00e9ho &#8211; <strong>osobn\u00ed mini set <\/strong>\u2013 t\u0159i tematicky sestaven\u00e9 miner\u00e1ly v&nbsp;elegantn\u00edm pytl\u00ed\u010dku.<\/p>\n\n\n\n<p><a href=\"https:\/\/www.svetmineralu.cz\/troml-5\/\" target=\"_blank\" rel=\"noreferrer noopener\"><strong>Set \u0160t\u011bst\u00ed<\/strong><\/a> \u2013 radost, odvaha, pozitivn\u00ed energie<\/p>\n\n\n\n<p><strong>Obsahuje:<\/strong> jadeit (harmonie a \u0161t\u011bst\u00ed), amazonit (odvaha a vnit\u0159n\u00ed klid), tyg\u0159\u00ed oko (sebed\u016fv\u011bra a ochrana energi\u00ed).<\/p>\n\n\n\n<div class=\"wp-block-image\"><figure class=\"aligncenter\"><img src=\"http:\/\/www.neverdie.cz\/wp-content\/uploads\/2025\/12\/Set-stesti-1024x805.jpg\" alt=\"\" class=\"wp-image-22868\"\/><\/figure><\/div>\n\n\n\n<p><a href=\"https:\/\/www.svetmineralu.cz\/troml\/\" target=\"_blank\" rel=\"noreferrer noopener\"><strong>Set Ochrana<\/strong><\/a> \u2013 klid, s\u00edla a vnit\u0159n\u00ed stabilita<\/p>\n\n\n\n<p><strong>Obsahuje:<\/strong> turmal\u00edn (ochrana p\u0159ed negativn\u00ed energi\u00ed), z\u00e1hn\u011bda (uzemn\u011bn\u00ed a emo\u010dn\u00ed klid), ametyst (duchovn\u00ed stabilita).<\/p>\n\n\n\n<div class=\"wp-block-image\"><figure class=\"aligncenter\"><img src=\"http:\/\/www.neverdie.cz\/wp-content\/uploads\/2025\/12\/Set-Ochrana-1024x820.jpg\" alt=\"\" class=\"wp-image-22869\"\/><\/figure><\/div>\n\n\n\n<p><a href=\"https:\/\/www.svetmineralu.cz\/osobni-set-mineralu-bohatstvi\/\" target=\"_blank\" rel=\"noreferrer noopener\"><strong>Set Plodnost<\/strong><\/a> \u2013 \u017eensk\u00e1 rovnov\u00e1ha a intuice<\/p>\n\n\n\n<p><strong>Obsahuje:<\/strong> karneol (vitalita a \u017eensk\u00e1 s\u00edla), m\u011bs\u00ed\u010dn\u00ed k\u00e1men (intuice a harmonizace cyklu), r\u016f\u017een\u00edn (podpora emoc\u00ed).<\/p>\n\n\n\n<p>\u201eTyto sety pat\u0159\u00ed ka\u017edoro\u010dn\u011b mezi nejobl\u00edben\u011bj\u0161\u00ed drobn\u00e9 d\u00e1rky. Jsou osobn\u00ed, symbolick\u00e9 a kr\u00e1sn\u011b dopl\u0148uj\u00ed v\u00e1no\u010dn\u00ed atmosf\u00e9ru,\u201c \u0159\u00edk\u00e1 Ka\u010dena.<\/p>\n\n\n\n<div class=\"wp-block-image\"><figure class=\"aligncenter\"><img src=\"http:\/\/www.neverdie.cz\/wp-content\/uploads\/2025\/12\/Plodnost_SET-1024x821.jpg\" alt=\"\" class=\"wp-image-22870\"\/><\/figure><\/div>\n\n\n\n<p><strong>Jak si vytvo\u0159it vlastn\u00ed v\u00e1no\u010dn\u00ed miner\u00e1ln\u00ed zvyk?<\/strong><\/p>\n\n\n\n<ol><li>Vyberte miner\u00e1l podle p\u0159\u00e1n\u00ed (hojnost, zdrav\u00ed, klid, vztahy).<\/li><li>Polo\u017ete ho doprost\u0159ed stolu k dekoraci nebo sv\u00ed\u010dce.<\/li><li>P\u0159ed ve\u010de\u0159\u00ed si ka\u017ed\u00fd vezme k\u00e1men do ruky a v duchu si pop\u0159eje to sv\u00e9.<\/li><li>Miner\u00e1l m\u016f\u017ee po cel\u00fd ve\u010der z\u016fstat na stole jako symbol rodinn\u00fdch p\u0159\u00e1n\u00ed.<\/li><\/ol>\n\n\n\n<p><strong>Mal\u00fd symbol, velk\u00fd v\u00fdznam<\/strong><\/p>\n\n\n\n<p>A\u0165 u\u017e miner\u00e1ly polo\u017e\u00edte na \u0161t\u011bdrove\u010dern\u00ed st\u016fl, zapoj\u00edte je do rodinn\u00e9ho ritu\u00e1lu nebo je darujete bl\u00edzk\u00fdm, p\u0159inesou do sv\u00e1tk\u016f to nejd\u016fle\u017eit\u011bj\u0161\u00ed \u2013 chv\u00edli zastaven\u00ed, soust\u0159ed\u011bn\u00ed na sebe a v\u011bdom\u00e9 p\u0159\u00e1n\u00ed do nov\u00e9ho roku.<\/p>\n\n\n\n<p><em>Foto: Sv\u011bt miner\u00e1l\u016f<\/em><\/p>\n","protected":false},"excerpt":{"rendered":"<p>V\u00e1noce jsou \u010dasem tradic, p\u0159\u00e1n\u00ed a drobn\u00fdch symbol\u016f, kter\u00e9 do domova p\u0159in\u00e1\u0161ej\u00ed klid, hojnost i pocit vz\u00e1jemnosti. Pokud letos hled\u00e1te<\/p>\n","protected":false},"author":1,"featured_media":2414,"comment_status":"open","ping_status":"open","sticky":false,"template":"","format":"standard","meta":{"colormag_page_container_layout":"default_layout","colormag_page_sidebar_layout":"default_layout"},"categories":[53],"tags":[211,140,139,533],"_links":{"self":[{"href":"https:\/\/www.iforbes.cz\/index.php\/wp-json\/wp\/v2\/posts\/2413"}],"collection":[{"href":"https:\/\/www.iforbes.cz\/index.php\/wp-json\/wp\/v2\/posts"}],"about":[{"href":"https:\/\/www.iforbes.cz\/index.php\/wp-json\/wp\/v2\/types\/post"}],"author":[{"embeddable":true,"href":"https:\/\/www.iforbes.cz\/index.php\/wp-json\/wp\/v2\/users\/1"}],"replies":[{"embeddable":true,"href":"https:\/\/www.iforbes.cz\/index.php\/wp-json\/wp\/v2\/comments?post=2413"}],"version-history":[{"count":1,"href":"https:\/\/www.iforbes.cz\/index.php\/wp-json\/wp\/v2\/posts\/2413\/revisions"}],"predecessor-version":[{"id":2415,"href":"https:\/\/www.iforbes.cz\/index.php\/wp-json\/wp\/v2\/posts\/2413\/revisions\/2415"}],"wp:featuredmedia":[{"embeddable":true,"href":"https:\/\/www.iforbes.cz\/index.php\/wp-json\/wp\/v2\/media\/2414"}],"wp:attachment":[{"href":"https:\/\/www.iforbes.cz\/index.php\/wp-json\/wp\/v2\/media?parent=2413"}],"wp:term":[{"taxonomy":"category","embeddable":true,"href":"https:\/\/www.iforbes.cz\/index.php\/wp-json\/wp\/v2\/categories?post=2413"},{"taxonomy":"post_tag","embeddable":true,"href":"https:\/\/www.iforbes.cz\/index.php\/wp-json\/wp\/v2\/tags?post=2413"}],"curies":[{"name":"wp","href":"https:\/\/api.w.org\/{rel}","templated":true}]}}