{"id":2542,"date":"2026-03-09T15:21:15","date_gmt":"2026-03-09T15:21:15","guid":{"rendered":"https:\/\/www.iforbes.cz\/?p=2542"},"modified":"2026-03-09T15:21:15","modified_gmt":"2026-03-09T15:21:15","slug":"paratriatlonista-tomanek-predstavil-plany-na-rok-2026-ceka-ho-seversky-double-i-dva-svetove-sampionaty","status":"publish","type":"post","link":"https:\/\/www.iforbes.cz\/index.php\/2026\/03\/09\/paratriatlonista-tomanek-predstavil-plany-na-rok-2026-ceka-ho-seversky-double-i-dva-svetove-sampionaty\/","title":{"rendered":"Paratriatlonista Tom\u00e1nek p\u0159edstavil pl\u00e1ny na rok 2026. \u010cek\u00e1 ho seversk\u00fd double i dva sv\u011btov\u00e9 \u0161ampion\u00e1ty"},"content":{"rendered":"\n<p><strong>Paratriatlonista Jan Tom\u00e1nek ofici\u00e1ln\u011b p\u0159edstavil pl\u00e1ny na leto\u0161n\u00ed sezonu. N\u011bkolikan\u00e1sobn\u00e9ho mistra sv\u011bta na klasick\u00e9 a polovi\u010dn\u00ed ironmansk\u00e9 distanci \u010dekaj\u00ed v roce 2026 hned t\u0159i velk\u00e9 v\u00fdzvy \u2013 extr\u00e9mn\u00ed \u201eseversk\u00fd double\u201c dvou klasick\u00fdch Ironman\u016f b\u011bhem dvou dn\u016f, sv\u011btov\u00fd \u0161ampion\u00e1t IRONMAN 70.3 v Nice a mistrovstv\u00ed sv\u011bta v klasick\u00e9m ironmanu na Havaji.<\/strong><\/p>\n\n\n\n<p>Zimn\u00ed p\u0159\u00edpravu na hlavn\u00ed vrcholy roku 2026 Jan Tom\u00e1nek zakon\u010dil n\u00e1vratem na \u010cEZ Jizerskou 50, kter\u00e1 se letos konala u\u017e po dev\u011btapades\u00e1t\u00e9. \u201eZimn\u00ed sezonu jsem p\u016fvodn\u011b nijak zvl\u00e1\u0161\u0165 nepl\u00e1noval, ale od prvn\u00edho momentu zimn\u00ed p\u0159\u00edpravy mi to jezdilo a z\u00e1hy jsem zjistil, \u017ee l\u00e1ska ke sn\u011bhu a k d\u00e1lkov\u00fdm z\u00e1vod\u016fm tam po\u0159\u00e1d je,\u201c vysv\u011btlil Tom\u00e1nek svou \u00fa\u010dast v leto\u0161n\u00edm ro\u010dn\u00edku \u010cEZ Jizersk\u00e9 50.<\/p>\n\n\n\n<p>N\u011bkolikan\u00e1sobn\u00fd mistr sv\u011bta v dlouh\u00e9m paratriatlonu a historicky prvn\u00ed handicapovan\u00fd sportovec, kter\u00fd tento legend\u00e1rn\u00ed ly\u017ea\u0159sk\u00fd z\u00e1vod dokon\u010dil na sledge b\u011b\u017ek\u00e1ch, se na tra\u0165 do Bed\u0159ichova vr\u00e1til po osmi letech. \u201eDo z\u00e1vodu jsem vstupoval ve v\u00fdborn\u00e9 form\u011b, s v\u016fbec nejv\u011bt\u0161\u00edm objemem b\u011b\u017eka\u0159sk\u00e9ho tr\u00e9ninku ve sv\u00e9 kari\u00e9\u0159e. Forma byla na m\u00e9 stran\u011b. Zpo\u010d\u00e1tku se zd\u00e1l i sn\u00edh rychl\u00fd a podm\u00ednky byly dobr\u00e9. Ale nejelo to,\u201c komentoval Tom\u00e1nek pr\u016fb\u011bh z\u00e1vodu, v n\u011bm\u017e nakonec protnul c\u00edlovou p\u00e1sku v \u010dase 5:58:04, co\u017e bylo oproti p\u016fvodn\u00edm p\u0159edpoklad\u016fm zhruba o hodinu pomaleji.<\/p>\n\n\n\n<p>\u201ePomalej\u0161\u00ed \u010dasy v\u0161ak nebyly v\u00fdjimkou. Nejen j\u00e1, ale prakticky v\u0161ichni \u00fa\u010dastn\u00edci jeli letos pomaleji ne\u017e kdy d\u0159\u00edv. Shodli jsme se, \u017ee to byl jeden z nejt\u011b\u017e\u0161\u00edch ro\u010dn\u00edk\u016f,\u201c poznamenal. \u201eAle i tak jsem si z\u00e1vod maxim\u00e1ln\u011b u\u017eil a m\u016fj celkov\u00fd dojem byl velmi pozitivn\u00ed,\u201c doplnil.<\/p>\n\n\n\n<p><strong>Hlavn\u00ed v\u00fdzvy sezony teprve p\u0159ijdou<\/strong><\/p>\n\n\n\n<p>Moment\u00e1ln\u011b se u\u017e Tom\u00e1nek soust\u0159ed\u00ed na leto\u0161n\u00ed paratriatlonovou sezonu, ve kter\u00e9 ho \u010dek\u00e1 n\u011bkolik velk\u00fdch z\u00e1vod\u016f. \u201eC\u00edt\u00edm, \u017ee jsem na sportovn\u00edm vrcholu a rozhodn\u011b nehodl\u00e1m polevit. Chci se neust\u00e1le posouvat d\u00e1l a hledat nov\u00e9 v\u00fdzvy,\u201c \u0159\u00edk\u00e1 osmat\u0159icetilet\u00fd reprezentant.<\/p>\n\n\n\n<p>Prvn\u00edm vrcholem leto\u0161n\u00ed paratriatlonov\u00e9 sezony bude pro Tom\u00e1nka extr\u00e9mn\u00ed \u201eseversk\u00fd double\u201c \u2013 dva klasick\u00e9 ironmany b\u011bhem dvou dn\u016f. Konkr\u00e9tn\u011b v sobotu 15. srpna 2026 se postav\u00ed na start \u0161v\u00e9dsk\u00e9ho IRONMAN Kalmar, odkud se po z\u00e1vod\u011b p\u0159esune do 350 kilometr\u016f vzd\u00e1len\u00e9 Kodan\u011b na IRONMAN Copenhagen. \u201ePokud to zvl\u00e1dnu, budu prvn\u00edm handicapovan\u00fdm sportovcem na sv\u011bt\u011b, kter\u00fd tuto extr\u00e9mn\u00ed kombinaci dokon\u010d\u00ed,\u201c prozrazuje Tom\u00e1nek, kter\u00e9ho n\u00e1sledn\u011b \u010dekaj\u00ed je\u0161t\u011b dva sv\u011btov\u00e9 \u0161ampion\u00e1ty.<\/p>\n\n\n\n<p>Nejprve mistrovstv\u00ed sv\u011bta v polovi\u010dn\u00edm ironmanu \u2013 IRONMAN 70.3 World Championship ve francouzsk\u00e9m Nice, kde bude bojovat o \u0161est\u00fd titul mistra sv\u011bta. Nejv\u011bt\u0161\u00ed prioritou roku 2026 v\u0161ak z pohledu Jana Tom\u00e1nka bude IRONMAN World Championship Kona na Havaji, kde p\u0159ed dv\u011bma lety vybojoval historick\u00fd titul mistra sv\u011bta na klasick\u00e9 ironmansk\u00e9 distanci. \u201eM\u00fdm hlavn\u00edm c\u00edlem je pokusit se za\u00fato\u010dit na historick\u00fd zlat\u00fd double \u2013 tedy v\u00edt\u011bzstv\u00ed na obou sv\u011btov\u00fdch \u0161ampion\u00e1tech IRONMAN a IRONMAN 70.3,\u201c dodal Jan Tom\u00e1nek.<\/p>\n","protected":false},"excerpt":{"rendered":"<p>Paratriatlonista Jan Tom\u00e1nek ofici\u00e1ln\u011b p\u0159edstavil pl\u00e1ny na leto\u0161n\u00ed sezonu. N\u011bkolikan\u00e1sobn\u00e9ho mistra sv\u011bta na klasick\u00e9 a polovi\u010dn\u00ed ironmansk\u00e9 distanci \u010dekaj\u00ed v<\/p>\n","protected":false},"author":1,"featured_media":2543,"comment_status":"open","ping_status":"open","sticky":false,"template":"","format":"standard","meta":{"colormag_page_container_layout":"default_layout","colormag_page_sidebar_layout":"default_layout"},"categories":[56],"tags":[604,602,207,601,603,605],"_links":{"self":[{"href":"https:\/\/www.iforbes.cz\/index.php\/wp-json\/wp\/v2\/posts\/2542"}],"collection":[{"href":"https:\/\/www.iforbes.cz\/index.php\/wp-json\/wp\/v2\/posts"}],"about":[{"href":"https:\/\/www.iforbes.cz\/index.php\/wp-json\/wp\/v2\/types\/post"}],"author":[{"embeddable":true,"href":"https:\/\/www.iforbes.cz\/index.php\/wp-json\/wp\/v2\/users\/1"}],"replies":[{"embeddable":true,"href":"https:\/\/www.iforbes.cz\/index.php\/wp-json\/wp\/v2\/comments?post=2542"}],"version-history":[{"count":1,"href":"https:\/\/www.iforbes.cz\/index.php\/wp-json\/wp\/v2\/posts\/2542\/revisions"}],"predecessor-version":[{"id":2544,"href":"https:\/\/www.iforbes.cz\/index.php\/wp-json\/wp\/v2\/posts\/2542\/revisions\/2544"}],"wp:featuredmedia":[{"embeddable":true,"href":"https:\/\/www.iforbes.cz\/index.php\/wp-json\/wp\/v2\/media\/2543"}],"wp:attachment":[{"href":"https:\/\/www.iforbes.cz\/index.php\/wp-json\/wp\/v2\/media?parent=2542"}],"wp:term":[{"taxonomy":"category","embeddable":true,"href":"https:\/\/www.iforbes.cz\/index.php\/wp-json\/wp\/v2\/categories?post=2542"},{"taxonomy":"post_tag","embeddable":true,"href":"https:\/\/www.iforbes.cz\/index.php\/wp-json\/wp\/v2\/tags?post=2542"}],"curies":[{"name":"wp","href":"https:\/\/api.w.org\/{rel}","templated":true}]}}