{"id":2553,"date":"2026-03-24T13:35:26","date_gmt":"2026-03-24T13:35:26","guid":{"rendered":"https:\/\/www.iforbes.cz\/?p=2553"},"modified":"2026-03-24T13:35:26","modified_gmt":"2026-03-24T13:35:26","slug":"svateho-patrika-s-irskem-oslavuje-cely-svet","status":"publish","type":"post","link":"https:\/\/www.iforbes.cz\/index.php\/2026\/03\/24\/svateho-patrika-s-irskem-oslavuje-cely-svet\/","title":{"rendered":"Svat\u00e9ho Patrika s Irskem oslavuje cel\u00fd sv\u011bt"},"content":{"rendered":"\n<p><strong>Sedmn\u00e1ct\u00fd b\u0159ezen ka\u017edoro\u010dn\u011b pat\u0159\u00ed patronovi Irska, svat\u00e9mu Patrikovi. Sv\u00e1tek, kter\u00fd m\u00e1 sv\u00e9 ko\u0159eny na irsk\u00e9m ostrov\u011b, se postupn\u011b roz\u0161\u00ed\u0159il do cel\u00e9ho sv\u011bta a dnes pat\u0159\u00ed k nejviditeln\u011bj\u0161\u00edm kulturn\u00edm ud\u00e1lostem roku. Zat\u00edmco v Irsku jde o st\u00e1tn\u00ed sv\u00e1tek, jeho oslavy v\u00fdrazn\u011b p\u0159esahuj\u00ed hranice zem\u011b.<\/strong><\/p>\n\n\n\n<p>M\u011bsta po cel\u00e9m sv\u011bt\u011b se hal\u00ed do zelen\u00e9 barvy, ulice zapl\u0148uj\u00ed pr\u016fvody a centra se m\u011bn\u00ed v d\u011bji\u0161t\u011b celodenn\u00edch oslav pln\u00fdch hudby, tance a setk\u00e1v\u00e1n\u00ed. Nejv\u011bt\u0161\u00ed akce se tradi\u010dn\u011b konaj\u00ed ve Spojen\u00fdch st\u00e1tech, rostouc\u00ed popularitu ale sv\u00e1tek zaznamen\u00e1v\u00e1 i v evropsk\u00fdch zem\u00edch <em>\u201eDen svat\u00e9ho Patrika nen\u00ed jen o oslav\u00e1ch. Je to p\u0159ipom\u00ednka toho, odkud poch\u00e1z\u00edme a co n\u00e1s spojuje,\u201c<\/em> \u0159\u00edk\u00e1 John Quinn z m\u011bste\u010dka Tullamore, kde pracuje v m\u00edstn\u00ed pal\u00edrn\u011b slavn\u00e9 whiskey, kter\u00e1 toto nen\u00e1padn\u00e9 m\u00edsto proslavila po cel\u00e9m sv\u011bt\u011b.&nbsp;<\/p>\n\n\n\n<p><strong>Tradice star\u00e1 v\u00edce ne\u017e 1500 let<\/strong><\/p>\n\n\n\n<p>Ko\u0159eny sv\u00e1tku sahaj\u00ed v\u00edce ne\u017e patn\u00e1ct stolet\u00ed do minulosti. Mision\u00e1\u0159 Patrik podle legendy p\u0159inesl do Irska k\u0159es\u0165anstv\u00ed a k vysv\u011btlen\u00ed principu Svat\u00e9 trojice vyu\u017e\u00edval trojl\u00edstek. Pr\u00e1v\u011b ten se stal jedn\u00edm z hlavn\u00edch symbol\u016f dne. Lid\u00e9 si jej p\u0159ip\u00ednaj\u00ed na oble\u010den\u00ed nebo maluj\u00ed na tv\u00e1\u0159 jako p\u0159ipom\u00ednku odkazu sv\u011btce, jeho\u017e \u00famrt\u00ed p\u0159ipad\u00e1 pr\u00e1v\u011b na 17. b\u0159ezna. <em>\u201eTrojl\u00edstek je jednoduch\u00fd symbol, ale skr\u00fdv\u00e1 siln\u00fd p\u0159\u00edb\u011bh. P\u0159esn\u011b to vystihuje cel\u00e9 Irsko,\u201c<\/em> dod\u00e1v\u00e1 Quinn.<\/p>\n\n\n\n<p>Typick\u00fdm znakem oslav je zelen\u00e1 barva \u2013 symbol Irska i samotn\u00e9ho svat\u00e9ho Patrika. Do zelen\u00e9 se obl\u00e9kaj\u00ed lid\u00e9 i cel\u00e9 m\u011bstsk\u00e9 scen\u00e9rie. Oslavy dnes prob\u00edhaj\u00ed t\u00e9m\u011b\u0159 po cel\u00e9m sv\u011bt\u011b, zejm\u00e9na v zem\u00edch s po\u010detnou irskou diasporou, jako jsou Velk\u00e1 Brit\u00e1nie, Kanada nebo Austr\u00e1lie.<\/p>\n\n\n\n<p><strong>Des\u00edtky tis\u00edc lid\u00ed v ulic\u00edch Dublinu<\/strong><\/p>\n\n\n\n<p>Hlavn\u00ed oslavy v Irsku tradi\u010dn\u011b vrchol\u00ed v Dublinu, kde se konala n\u00e1rodn\u00ed p\u0159ehl\u00eddka. Pr\u016fvod pro\u0161el centrem m\u011bsta od Parnell Square p\u0159es O\u2019Connell Street a O\u2019Connell Bridge a\u017e po ji\u017en\u00ed \u010d\u00e1st metropole. Organiz\u00e1to\u0159i letos p\u0159ipravili program s \u00fa\u010dast\u00ed v\u00edce ne\u017e 3 000 performer\u016f. Sou\u010d\u00e1st\u00ed bylo 12 velk\u00fdch alegorick\u00fdch voz\u016f vytvo\u0159en\u00fdch nez\u00e1visl\u00fdmi um\u011bleck\u00fdmi skupinami. Novinkou byla vystoupen\u00ed soubor\u016f Lumen Street Theatre a Show CoMotion, kter\u00e9 v Dublinu debutovaly. Poprv\u00e9 se p\u0159edstavila tak\u00e9 Rotunda Hospital s vlastn\u00edm alegorick\u00fdm vozem. Do irsk\u00e9 metropole dorazily pochodov\u00e9 kapely ze Skotska i Spojen\u00fdch st\u00e1t\u016f, v\u010detn\u011b osmi americk\u00fdch soubor\u016f z r\u016fzn\u00fdch st\u00e1t\u016f, nap\u0159\u00edklad Texasu, Indiany nebo Wisconsinu. Akce p\u0159il\u00e1kala stovky tis\u00edc div\u00e1k\u016f z Irska i ze zahrani\u010d\u00ed.<\/p>\n\n\n\n<p><strong>Tullamore: tradice, kter\u00e1 spojuje<\/strong><\/p>\n\n\n\n<p>Autentickou atmosf\u00e9ru sv\u00e1tku je v\u0161ak podle m\u00edstn\u00edch mo\u017en\u00e9 nejl\u00e9pe za\u017e\u00edt mimo hlavn\u00ed m\u011bsto. P\u0159ibli\u017en\u011b hodinu od Dublinu le\u017e\u00ed Tullamore, m\u011bste\u010dko spojen\u00e9 s v\u00fdrobou jedn\u00e9 z nejzn\u00e1m\u011bj\u0161\u00edch irsk\u00fdch whiskey. Pr\u00e1v\u011b zde vznik\u00e1 Tullamore D.E.W., kter\u00e1 proslavila m\u011bsto po cel\u00e9m sv\u011bt\u011b. M\u00edstn\u00ed pal\u00edrna, zalo\u017een\u00e1 v roce 1829 Danielem E. Williamsem, je dodnes symbolem tradice a \u0159emesln\u00e9 v\u00fdroby. <em>\u201eWhiskey je pro n\u00e1s v\u00edc ne\u017e jen n\u00e1poj. Je to zp\u016fsob, jak sd\u00edlet p\u0159\u00edb\u011bhy a spojovat lidi,\u201c<\/em> vysv\u011btluje Quinn.<\/p>\n\n\n\n<p><strong>Sv\u00e1tek lid\u00ed a spole\u010dn\u00fdch okam\u017eik\u016f<\/strong><\/p>\n\n\n\n<p>Oslavy Dne svat\u00e9ho Patrika nejsou pouze o symbolech, ale p\u0159edev\u0161\u00edm o lidech. Tradi\u010dn\u00ed irsk\u00e9 puby se m\u011bn\u00ed v centra spole\u010densk\u00e9ho \u017eivota, kde nejde jen o konzumaci, ale p\u0159edev\u0161\u00edm o sd\u00edlen\u00ed a setk\u00e1v\u00e1n\u00ed. \u201eNejlep\u0161\u00ed oslavy neza\u017eijete na p\u00f3diu, ale u stolu mezi lidmi,\u201c dod\u00e1v\u00e1 Quinn<\/p>\n\n\n\n<p>Den svat\u00e9ho Patrika tak z\u016fst\u00e1v\u00e1 nejen p\u0159ipom\u00ednkou irsk\u00e9 historie a tradic, ale i sv\u00e1tkem, kter\u00fd spojuje lidi nap\u0159\u00ed\u010d kontinenty.<\/p>\n\n\n\n<p><em>Foto: Tullamore D.E.W.<\/em><\/p>\n","protected":false},"excerpt":{"rendered":"<p>Sedmn\u00e1ct\u00fd b\u0159ezen ka\u017edoro\u010dn\u011b pat\u0159\u00ed patronovi Irska, svat\u00e9mu Patrikovi. Sv\u00e1tek, kter\u00fd m\u00e1 sv\u00e9 ko\u0159eny na irsk\u00e9m ostrov\u011b, se postupn\u011b roz\u0161\u00ed\u0159il do<\/p>\n","protected":false},"author":1,"featured_media":2554,"comment_status":"open","ping_status":"open","sticky":false,"template":"","format":"standard","meta":{"colormag_page_container_layout":"default_layout","colormag_page_sidebar_layout":"default_layout"},"categories":[53],"tags":[611,106,107],"_links":{"self":[{"href":"https:\/\/www.iforbes.cz\/index.php\/wp-json\/wp\/v2\/posts\/2553"}],"collection":[{"href":"https:\/\/www.iforbes.cz\/index.php\/wp-json\/wp\/v2\/posts"}],"about":[{"href":"https:\/\/www.iforbes.cz\/index.php\/wp-json\/wp\/v2\/types\/post"}],"author":[{"embeddable":true,"href":"https:\/\/www.iforbes.cz\/index.php\/wp-json\/wp\/v2\/users\/1"}],"replies":[{"embeddable":true,"href":"https:\/\/www.iforbes.cz\/index.php\/wp-json\/wp\/v2\/comments?post=2553"}],"version-history":[{"count":1,"href":"https:\/\/www.iforbes.cz\/index.php\/wp-json\/wp\/v2\/posts\/2553\/revisions"}],"predecessor-version":[{"id":2555,"href":"https:\/\/www.iforbes.cz\/index.php\/wp-json\/wp\/v2\/posts\/2553\/revisions\/2555"}],"wp:featuredmedia":[{"embeddable":true,"href":"https:\/\/www.iforbes.cz\/index.php\/wp-json\/wp\/v2\/media\/2554"}],"wp:attachment":[{"href":"https:\/\/www.iforbes.cz\/index.php\/wp-json\/wp\/v2\/media?parent=2553"}],"wp:term":[{"taxonomy":"category","embeddable":true,"href":"https:\/\/www.iforbes.cz\/index.php\/wp-json\/wp\/v2\/categories?post=2553"},{"taxonomy":"post_tag","embeddable":true,"href":"https:\/\/www.iforbes.cz\/index.php\/wp-json\/wp\/v2\/tags?post=2553"}],"curies":[{"name":"wp","href":"https:\/\/api.w.org\/{rel}","templated":true}]}}