{"id":2559,"date":"2026-03-26T10:07:10","date_gmt":"2026-03-26T10:07:10","guid":{"rendered":"https:\/\/www.iforbes.cz\/?p=2559"},"modified":"2026-03-26T10:07:10","modified_gmt":"2026-03-26T10:07:10","slug":"czechskills-2026-chteji-inspirovat-mlade-lidi-k-profesim-ktere-maji-budoucnost","status":"publish","type":"post","link":"https:\/\/www.iforbes.cz\/index.php\/2026\/03\/26\/czechskills-2026-chteji-inspirovat-mlade-lidi-k-profesim-ktere-maji-budoucnost\/","title":{"rendered":"CzechSkills 2026 cht\u011bj\u00ed inspirovat mlad\u00e9 lidi k profes\u00edm, kter\u00e9 maj\u00ed budoucnost"},"content":{"rendered":"\n<p><strong>Emoce, nap\u011bt\u00ed sout\u011b\u017ee a mlad\u00ed talenti ve v\u011bku 17\u201324 let, kte\u0159\u00ed v\u011b\u0159\u00ed sv\u00fdm dovednostem a ukazuj\u00ed perspektivn\u00ed budoucnost \u010desk\u00e9ho pr\u016fmyslu a slu\u017eeb. To je n\u00e1rodn\u00ed mistrovstv\u00ed odborn\u00fdch dovednost\u00ed CzechSkills 2026, kter\u00e9 se uskute\u010dn\u00ed 26.\u201328. b\u0159ezna 2026 na V\u00fdstavi\u0161ti Brno jako sou\u010d\u00e1st Stavebn\u00edho veletrhu.<\/strong><\/p>\n\n\n\n<p>Sout\u011b\u017e\u00edc\u00ed se utkaj\u00ed v tradi\u010dn\u00edch \u0159emeslech, jako je nap\u0159\u00edklad mal\u00ed\u0159, obklada\u010d nebo instalat\u00e9r, ale i v modern\u00edch discipl\u00edn\u00e1ch, nap\u0159\u00edklad Pr\u016fmysl 4.0, mechatronika nebo integrace robotick\u00fdch syst\u00e9m\u016f. A\u017e 26 uk\u00e1zkov\u00fdch a 12 sout\u011b\u017en\u00edch obor\u016f nab\u00eddne n\u00e1v\u0161t\u011bvn\u00edk\u016fm profesn\u00ed inspiraci, kterou si nav\u00edc budou moci sami vyzkou\u0161et.<\/p>\n\n\n\n<p>\u201e<em>Investice do odborn\u00e9ho vzd\u011bl\u00e1v\u00e1n\u00ed je investic\u00ed do prosperity cel\u00e9 zem\u011b. CzechSkills ukazuj\u00ed, \u017ee mlad\u00e1 generace m\u00e1 talent i odhodl\u00e1n\u00ed posouvat \u010desk\u00e9 firmy vp\u0159ed a p\u0159edstavuj\u00ed strategicky nenahraditeln\u00e9 profese, bez kter\u00fdch by na\u0161e ekonomika i spole\u010dnost nemohly fungovat<\/em>,\u201c dod\u00e1v\u00e1 Zden\u011bk Zaj\u00ed\u010dek, prezident Hospod\u00e1\u0159sk\u00e9 komory \u010cR.<\/p>\n\n\n\n<p>C\u00edlem Hospod\u00e1\u0159sk\u00e9 komory \u010cR (HK \u010cR), kter\u00e1 je n\u00e1rodn\u00edm koordin\u00e1torem CzechSkills, je uk\u00e1zat mlad\u00fdm lidem re\u00e1lnou praxi a inspirovat je k tomu, aby si vybrali profesn\u00ed dr\u00e1hu, kter\u00e1 m\u00e1 smysl pro n\u011b i pro celou spole\u010dnost. HK \u010cR chce touto formou zd\u016fraz\u0148ovat, \u017ee kvalifikovan\u00e9 odborn\u00e9 dovednosti jsou nejen z\u00e1kladem prosperity a fungov\u00e1n\u00ed na\u0161\u00ed ekonomiky jako celku, ale tak\u00e9 perspektivn\u00ed osobn\u00ed profesn\u00ed cestou.<\/p>\n\n\n\n<p>CzechSkills propojuj\u00ed \u0161koly, firmy a cechy, podporuje v\u00fdm\u011bnu zku\u0161enost\u00ed a informac\u00ed, umo\u017e\u0148uje sledovat nov\u00e9 technologie a zaji\u0161\u0165uj\u00ed p\u0159\u00edstup k re\u00e1ln\u00e9 praxi. Jde tak o komplexn\u00ed syst\u00e9m, kter\u00fd podporuje rozvoj kvalifikovan\u00fdch profes\u00ed a p\u0159ipravuje mlad\u00e9 lidi na skute\u010dnou pracovn\u00ed praxi.<\/p>\n\n\n\n<p>CzechSkills 2026 proto nejsou jen sout\u011b\u017en\u00edm m\u00edtinkem mlad\u00fdch profesion\u00e1l\u016f ve v\u011bku 17\u201324 let ve dvan\u00e1cti vybran\u00fdch odborn\u00fdch dovednostech. V&nbsp;r\u00e1mci nesout\u011b\u017en\u00ed \u010d\u00e1sti programu si n\u00e1v\u0161t\u011bvn\u00edci akce mohou v&nbsp;dal\u0161\u00edch \u0161estadvaceti uk\u00e1zkov\u00fdch oborech a cel\u00e9 \u0159ad\u011b interaktivn\u00edch workshop\u016f vyzkou\u0161et \u0159emesla, modern\u00ed technologie i netradi\u010dn\u00ed discipl\u00edny p\u0159\u00edmo na vlastn\u00ed k\u016f\u017ei \u2013 od pr\u00e1ce se d\u0159evem, zd\u011bn\u00ed a aran\u017eov\u00e1n\u00ed kv\u011btin a\u017e po virtu\u00e1ln\u00ed sv\u00e1\u0159en\u00ed, interaktivn\u00ed trena\u017e\u00e9ry MHD nebo t\u0159eba sout\u011b\u017e v mopov\u00e1n\u00ed a popel\u00e1\u0159sk\u00fd hantec.<\/p>\n\n\n\n<p>Nav\u00edc se b\u011bhem t\u0159\u00ed dn\u016f na akci vyst\u0159\u00eddaj\u00ed i zaj\u00edmav\u00e9 osobnosti, nap\u0159\u00edklad herec a komik Pavel Li\u0161ka nebo obl\u00edben\u00fd \u010desk\u00fd youtuber a streamer XNAPY. Celospole\u010densk\u00fd v\u00fdznam akce podtrhne p\u0159\u00edtomnost ministryn\u011b financ\u00ed Aleny Schillerov\u00e9 a \u0159ady v\u00fdznamn\u00fdch region\u00e1ln\u00edch politik\u016f.<\/p>\n\n\n\n<p>Sou\u010d\u00e1st\u00ed p\u00e1te\u010dn\u00edho programu 27. 3. bude tak\u00e9 diskuse o odborn\u00e9m vzd\u011bl\u00e1v\u00e1n\u00ed. Debata se zam\u011b\u0159\u00ed na budoucnost odborn\u00e9ho vzd\u011bl\u00e1v\u00e1n\u00ed v \u010cesku, p\u0159\u00ed\u010diny poklesu z\u00e1jmu o technick\u00e9 a u\u010d\u0148ovsk\u00e9 obory, rozvoj du\u00e1ln\u00edho vzd\u011bl\u00e1v\u00e1n\u00ed a spolupr\u00e1ci \u0161kol s firmami. T\u00e9matem bude tak\u00e9 role st\u0159edn\u00edch \u0161kol v celo\u017eivotn\u00edm vzd\u011bl\u00e1v\u00e1n\u00ed, jeho\u017e v\u00fdznam ve sv\u011bt\u011b rychle se rozv\u00edjej\u00edc\u00edch technologi\u00ed st\u00e1le roste.<\/p>\n\n\n\n<figure class=\"wp-block-embed is-type-video is-provider-youtube wp-block-embed-youtube wp-embed-aspect-16-9 wp-has-aspect-ratio\"><div class=\"wp-block-embed__wrapper\">\n<iframe loading=\"lazy\" title=\"Pozv\u00e1nka: CzechSkills 2026 (prob\u011bhne ve dnech 26. - 28.3.2026)\" width=\"800\" height=\"450\" src=\"https:\/\/www.youtube.com\/embed\/MtdL8BkLWWY?feature=oembed\" frameborder=\"0\" allow=\"accelerometer; autoplay; clipboard-write; encrypted-media; gyroscope; picture-in-picture; web-share\" referrerpolicy=\"strict-origin-when-cross-origin\" allowfullscreen><\/iframe>\n<\/div><\/figure>\n\n\n\n<p><strong>Kdy a kde:<\/strong><\/p>\n\n\n\n<p>26.\u201328. b\u0159ezna 2026, V\u00fdstavi\u0161t\u011b Brno (sou\u010d\u00e1st Stavebn\u00edho veletrhu). Jednotn\u00e9 vstupn\u00e9 je k zakoupen\u00ed na webu: <a href=\"https:\/\/www.bvv.cz\/\" target=\"_blank\" rel=\"noreferrer noopener\">https:\/\/www.bvv.cz\/<\/a><\/p>\n\n\n\n<p>Ofici\u00e1ln\u00ed <strong>zah\u00e1jen\u00ed<\/strong> prob\u011bhne ve <strong>\u010dtvrtek 26. b\u0159ezna 2026 od<\/strong> 12:30 do 13:00.<\/p>\n\n\n\n<p>CzechSkills jsou sou\u010d\u00e1st\u00ed mezin\u00e1rodn\u00edho hnut\u00ed WorldSkills Europe. Hospod\u00e1\u0159sk\u00e1 komora \u010cR je d\u00edky pov\u011b\u0159en\u00ed Ministerstva \u0161kolstv\u00ed, ml\u00e1de\u017ee a t\u011blov\u00fdchovy n\u00e1rodn\u00edm koordin\u00e1torem CzechSkills. Mistrovstv\u00ed odborn\u00fdch dovednost\u00ed je po\u0159\u00e1d\u00e1no ve spolupr\u00e1ci s cechy, profesn\u00edmi organizacemi, odborn\u00fdmi \u0161kolami a zam\u011bstnavateli. N\u00e1rodn\u00edm partnerem akce je Leti\u0161t\u011b Praha. Hlavn\u00edmi partnery jsou V\u00fdstavi\u0161t\u011b Brno, Art 4 People a spole\u010dnosti Notino a Kaufland. Hlavn\u00edmi medi\u00e1ln\u00edmi partnery jsou \u010cesk\u00e1 televize a \u010cesk\u00fd rozhlas.&nbsp;<\/p>\n\n\n\n<p>Akce se kon\u00e1 pod z\u00e1\u0161titou prezidenta \u010cesk\u00e9 republiky.<\/p>\n\n\n\n<p>Program zde:<\/p>\n\n\n\n<div class=\"wp-block-image\"><figure class=\"aligncenter\"><img src=\"https:\/\/www.muzivcesku.cz\/wp-content\/uploads\/2026\/03\/image007-1024x657.png\" alt=\"\" class=\"wp-image-64906\"\/><\/figure><\/div>\n\n\n\n<p>Seznam obor\u016f zde.<\/p>\n\n\n\n<div class=\"wp-block-image\"><figure class=\"aligncenter\"><img src=\"https:\/\/www.muzivcesku.cz\/wp-content\/uploads\/2026\/03\/image008-1024x542.png\" alt=\"\" class=\"wp-image-64907\"\/><\/figure><\/div>\n\n\n\n<p><em>Foto: CzechSkills<\/em><\/p>\n","protected":false},"excerpt":{"rendered":"<p>Emoce, nap\u011bt\u00ed sout\u011b\u017ee a mlad\u00ed talenti ve v\u011bku 17\u201324 let, kte\u0159\u00ed v\u011b\u0159\u00ed sv\u00fdm dovednostem a ukazuj\u00ed perspektivn\u00ed budoucnost \u010desk\u00e9ho pr\u016fmyslu<\/p>\n","protected":false},"author":1,"featured_media":2560,"comment_status":"open","ping_status":"open","sticky":false,"template":"","format":"standard","meta":{"colormag_page_container_layout":"default_layout","colormag_page_sidebar_layout":"default_layout"},"categories":[58],"tags":[417,281,419,614,613],"_links":{"self":[{"href":"https:\/\/www.iforbes.cz\/index.php\/wp-json\/wp\/v2\/posts\/2559"}],"collection":[{"href":"https:\/\/www.iforbes.cz\/index.php\/wp-json\/wp\/v2\/posts"}],"about":[{"href":"https:\/\/www.iforbes.cz\/index.php\/wp-json\/wp\/v2\/types\/post"}],"author":[{"embeddable":true,"href":"https:\/\/www.iforbes.cz\/index.php\/wp-json\/wp\/v2\/users\/1"}],"replies":[{"embeddable":true,"href":"https:\/\/www.iforbes.cz\/index.php\/wp-json\/wp\/v2\/comments?post=2559"}],"version-history":[{"count":1,"href":"https:\/\/www.iforbes.cz\/index.php\/wp-json\/wp\/v2\/posts\/2559\/revisions"}],"predecessor-version":[{"id":2561,"href":"https:\/\/www.iforbes.cz\/index.php\/wp-json\/wp\/v2\/posts\/2559\/revisions\/2561"}],"wp:featuredmedia":[{"embeddable":true,"href":"https:\/\/www.iforbes.cz\/index.php\/wp-json\/wp\/v2\/media\/2560"}],"wp:attachment":[{"href":"https:\/\/www.iforbes.cz\/index.php\/wp-json\/wp\/v2\/media?parent=2559"}],"wp:term":[{"taxonomy":"category","embeddable":true,"href":"https:\/\/www.iforbes.cz\/index.php\/wp-json\/wp\/v2\/categories?post=2559"},{"taxonomy":"post_tag","embeddable":true,"href":"https:\/\/www.iforbes.cz\/index.php\/wp-json\/wp\/v2\/tags?post=2559"}],"curies":[{"name":"wp","href":"https:\/\/api.w.org\/{rel}","templated":true}]}}