{"id":2565,"date":"2026-03-30T09:12:14","date_gmt":"2026-03-30T09:12:14","guid":{"rendered":"https:\/\/www.iforbes.cz\/?p=2565"},"modified":"2026-03-30T09:12:14","modified_gmt":"2026-03-30T09:12:14","slug":"back-in-time-prague-slavi-prvni-rok-statisice-navstevniku-a-historie-jako-skutecny-zazitek","status":"publish","type":"post","link":"https:\/\/www.iforbes.cz\/index.php\/2026\/03\/30\/back-in-time-prague-slavi-prvni-rok-statisice-navstevniku-a-historie-jako-skutecny-zazitek\/","title":{"rendered":"Back in Time Prague slav\u00ed prvn\u00ed rok: statis\u00edce n\u00e1v\u0161t\u011bvn\u00edk\u016f a historie jako skute\u010dn\u00fd z\u00e1\u017eitek"},"content":{"rendered":"\n<p><strong>Z\u00e1\u017eitkov\u00e1 expozice Back in Time Prague dnes slavnostn\u011b uzav\u0159ela sv\u016fj prvn\u00ed rok provozu tiskovou konferenc\u00ed, kter\u00e1 se konala v jej\u00edch prostor\u00e1ch v centru Prahy. Setk\u00e1n\u00ed s m\u00e9dii nab\u00eddlo nejen ohl\u00e9dnut\u00ed za \u00fasp\u011b\u0161n\u00fdm prvn\u00edm rokem, ale tak\u00e9 pohled do z\u00e1kulis\u00ed projektu, kter\u00fd z\u00e1sadn\u011b m\u011bn\u00ed zp\u016fsob, jak\u00fdm n\u00e1v\u0161t\u011bvn\u00edci pro\u017e\u00edvaj\u00ed historii.<\/strong><\/p>\n\n\n\n<p>Back in Time Prague b\u011bhem prvn\u00edho roku potvrdil sv\u016fj ambici\u00f3zn\u00ed c\u00edl \u2013 p\u0159ibl\u00ed\u017eit historii \u0161irok\u00e9 ve\u0159ejnosti prost\u0159ednictv\u00edm emocion\u00e1ln\u00edho z\u00e1\u017eitku. N\u00e1v\u0161t\u011bvn\u00edci zde b\u011bhem p\u0159ibli\u017en\u011b 50 minut proch\u00e1zej\u00ed 1 200 lety historie Prahy prost\u0159ednictv\u00edm osmi sc\u00e9n, kter\u00e9 propojuj\u00ed film, divadlo, sc\u00e9nografii a modern\u00ed technologie.<\/p>\n\n\n\n<p><em>\u201eNecht\u011bli jsme vytvo\u0159it dal\u0161\u00ed klasick\u00e9 muzeum. Na\u0161\u00edm c\u00edlem bylo vypr\u00e1v\u011bt historii tak, aby ji lid\u00e9 skute\u010dn\u011b pro\u017eili,\u201c<\/em> zazn\u011blo b\u011bhem tiskov\u00e9 konference z&nbsp;\u00fast marketingov\u00e9 \u0159editelky Ilony Topolov\u00e9.<\/p>\n\n\n\n<p><strong>Siln\u00fd prvn\u00ed rok: stovky tis\u00edc n\u00e1v\u0161t\u011bvn\u00edk\u016f, \u0161koly a studenti<\/strong><\/p>\n\n\n\n<p>Projekt, kter\u00fd vznikl v roce 2025, zaznamenal b\u011bhem prvn\u00edho roku v\u00fdrazn\u00fd z\u00e1jem ve\u0159ejnosti:<\/p>\n\n\n\n<ul><li>v\u00edce ne\u017e <strong>300 000 n\u00e1v\u0161t\u011bvn\u00edk\u016f<\/strong><\/li><li>p\u0159es <strong>500 \u0161koln\u00edch skupin<\/strong><\/li><li>t\u00e9m\u011b\u0159 <strong>10 000<\/strong> <strong>\u017e\u00e1k\u016f a student\u016f<\/strong><\/li><\/ul>\n\n\n\n<p>Expozice oslovuje rodiny s d\u011btmi, \u0161koly i zahrani\u010dn\u00ed turisty a potvrzuje, \u017ee propojen\u00ed vzd\u011bl\u00e1v\u00e1n\u00ed a z\u00e1bavy, tzv. <em>edutainment<\/em>, m\u00e1 v sou\u010dasn\u00e9m kulturn\u00edm prostoru sv\u00e9 pevn\u00e9 m\u00edsto.<\/p>\n\n\n\n<p><strong>Technologie jako n\u00e1stroj emoc\u00ed<\/strong><\/p>\n\n\n\n<p>Jedn\u00edm z hlavn\u00edch t\u00e9mat z\u00e1\u017eitkov\u00e9ho muzea je technologick\u00e1 komplexnost projektu. Expozice vyu\u017e\u00edv\u00e1 kombinaci pokro\u010dil\u00fdch audiovizu\u00e1ln\u00edch \u0159e\u0161en\u00ed:<\/p>\n\n\n\n<ul><li>hologramy (Pepper\u2019s Ghost), kter\u00e9 o\u017eivuj\u00ed historick\u00e9 postavy<\/li><li>projek\u010dn\u00ed mapping na v\u00edce ne\u017e 200 m\u00b2 ploch<\/li><li>5D kino s pohybem, zvukem i fyzick\u00fdmi efekty<\/li><li>prostorov\u00fd zvuk s v\u00edce ne\u017e 128 reproduktory<\/li><li>sc\u00e9nick\u00e9 osv\u011btlen\u00ed a synchronizovan\u00e9 efekty<\/li><li>animatronick\u00e9 instalace v\u010detn\u011b ikonick\u00e9ho Golema<\/li><\/ul>\n\n\n\n<p>D\u00edky propojen\u00ed v\u0161ech t\u011bchto prvk\u016f vznik\u00e1 pln\u011b imerzivn\u00ed prost\u0159ed\u00ed, ve kter\u00e9m se n\u00e1v\u0161t\u011bvn\u00edk st\u00e1v\u00e1 sou\u010d\u00e1st\u00ed d\u011bje.<\/p>\n\n\n\n<p><strong>Z\u00e1kulis\u00ed projektu: film, sc\u00e9nografie i mezin\u00e1rodn\u00ed spolupr\u00e1ce<\/strong><br>Nat\u00e1\u010den\u00ed prob\u00edhalo v unik\u00e1tn\u00edch prostor\u00e1ch rakousk\u00e9 elektr\u00e1rny Zwentendorf, kter\u00e1 dnes slou\u017e\u00ed jako filmov\u00e1 lokace. Na projektu se pod\u00edleli nejen historici, ale tak\u00e9 sc\u00e9n\u00e1rist\u00e9, re\u017eis\u00e9\u0159i, architekti a mezin\u00e1rodn\u00ed technologick\u00e9 spole\u010dnosti.<\/p>\n\n\n\n<p><em>\u201eOd za\u010d\u00e1tku jsme projekt stav\u011bli jako plnohodnotn\u00fd filmov\u00fd a sc\u00e9nografick\u00fd z\u00e1\u017eitek, ne jako klasickou expozici. Ka\u017ed\u00fd detail, od lokac\u00ed po hereck\u00e9 v\u00fdkony, m\u011bl za c\u00edl vt\u00e1hnout n\u00e1v\u0161t\u011bvn\u00edka p\u0159\u00edmo do d\u011bje,\u201c<\/em> \u0159\u00edk\u00e1 Ilona Topolov\u00e1. Expozice tak vznikla jako kombinace filmov\u00e9 produkce, divadeln\u00ed sc\u00e9nografie a technologick\u00e9 instalace.<\/p>\n\n\n\n<p><strong>Praha jako modern\u00ed destinace z\u00e1\u017eitk\u016f<\/strong><br>Back in Time Prague z\u00e1rove\u0148 potvrzuje rostouc\u00ed trend modern\u00edch indoor atrakc\u00ed v centru m\u011bsta, kter\u00e9 dok\u00e1\u017eou oslovit jak dom\u00e1c\u00ed publikum, tak zahrani\u010dn\u00ed n\u00e1v\u0161t\u011bvn\u00edky. D\u00edky v\u00edcejazy\u010dn\u00e9mu audioguidu je z\u00e1\u017eitek dostupn\u00fd v n\u011bkolika sv\u011btov\u00fdch jazyc\u00edch a p\u0159izp\u016fsoben mezin\u00e1rodn\u00edmu publiku.<\/p>\n\n\n\n<p><em>\u201eVid\u00edme, \u017ee n\u00e1v\u0161t\u011bvn\u00edci dnes hledaj\u00ed v\u00edc ne\u017e jen informace, cht\u011bj\u00ed emoci, p\u0159\u00edb\u011bh a autentick\u00fd z\u00e1\u017eitek. Back in Time na tuto pot\u0159ebu reaguje a z\u00e1rove\u0148 posouv\u00e1 Prahu jako destinaci sm\u011brem k modern\u00edmu, sv\u011btov\u00e9mu standardu z\u00e1bavy,\u201c<\/em> dopl\u0148uje Ilona Topolov\u00e1.<\/p>\n\n\n\n<p>Prvn\u00ed rok fungov\u00e1n\u00ed uk\u00e1zal, \u017ee historie m\u016f\u017ee b\u00fdt nejen pou\u010dn\u00e1, ale i siln\u011b emocion\u00e1ln\u00ed a z\u00e1bavn\u00e1. O catering na akci se postaral oce\u0148ovan\u00fd \u0161\u00e9fkucha\u0159 restaurace Fly Vista Karel Caldr.<\/p>\n\n\n\n<p><em>Foto: Back In Time Prague<\/em><\/p>\n","protected":false},"excerpt":{"rendered":"<p>Z\u00e1\u017eitkov\u00e1 expozice Back in Time Prague dnes slavnostn\u011b uzav\u0159ela sv\u016fj prvn\u00ed rok provozu tiskovou konferenc\u00ed, kter\u00e1 se konala v jej\u00edch<\/p>\n","protected":false},"author":1,"featured_media":2566,"comment_status":"open","ping_status":"open","sticky":false,"template":"","format":"standard","meta":{"colormag_page_container_layout":"default_layout","colormag_page_sidebar_layout":"default_layout"},"categories":[53],"tags":[616,619,618,617],"_links":{"self":[{"href":"https:\/\/www.iforbes.cz\/index.php\/wp-json\/wp\/v2\/posts\/2565"}],"collection":[{"href":"https:\/\/www.iforbes.cz\/index.php\/wp-json\/wp\/v2\/posts"}],"about":[{"href":"https:\/\/www.iforbes.cz\/index.php\/wp-json\/wp\/v2\/types\/post"}],"author":[{"embeddable":true,"href":"https:\/\/www.iforbes.cz\/index.php\/wp-json\/wp\/v2\/users\/1"}],"replies":[{"embeddable":true,"href":"https:\/\/www.iforbes.cz\/index.php\/wp-json\/wp\/v2\/comments?post=2565"}],"version-history":[{"count":1,"href":"https:\/\/www.iforbes.cz\/index.php\/wp-json\/wp\/v2\/posts\/2565\/revisions"}],"predecessor-version":[{"id":2567,"href":"https:\/\/www.iforbes.cz\/index.php\/wp-json\/wp\/v2\/posts\/2565\/revisions\/2567"}],"wp:featuredmedia":[{"embeddable":true,"href":"https:\/\/www.iforbes.cz\/index.php\/wp-json\/wp\/v2\/media\/2566"}],"wp:attachment":[{"href":"https:\/\/www.iforbes.cz\/index.php\/wp-json\/wp\/v2\/media?parent=2565"}],"wp:term":[{"taxonomy":"category","embeddable":true,"href":"https:\/\/www.iforbes.cz\/index.php\/wp-json\/wp\/v2\/categories?post=2565"},{"taxonomy":"post_tag","embeddable":true,"href":"https:\/\/www.iforbes.cz\/index.php\/wp-json\/wp\/v2\/tags?post=2565"}],"curies":[{"name":"wp","href":"https:\/\/api.w.org\/{rel}","templated":true}]}}