{"id":2614,"date":"2026-04-17T08:48:36","date_gmt":"2026-04-17T08:48:36","guid":{"rendered":"https:\/\/www.iforbes.cz\/?p=2614"},"modified":"2026-04-17T08:48:36","modified_gmt":"2026-04-17T08:48:36","slug":"rap-efekty-a-festivalova-atmosfera-velo-stage-bude-i-letos-patrit-k-vrcholum-majalesu","status":"publish","type":"post","link":"https:\/\/www.iforbes.cz\/index.php\/2026\/04\/17\/rap-efekty-a-festivalova-atmosfera-velo-stage-bude-i-letos-patrit-k-vrcholum-majalesu\/","title":{"rendered":"Rap, efekty a festivalov\u00e1 atmosf\u00e9ra. VELO stage bude i letos pat\u0159it k vrchol\u016fm Maj\u00e1lesu"},"content":{"rendered":"\n<p><strong>Leto\u0161n\u00ed sez\u00f3na Maj\u00e1les\u016f se nezadr\u017eiteln\u011b bl\u00ed\u017e\u00ed a s n\u00ed i n\u00e1vrat jedn\u00e9 z nejv\u00fdrazn\u011bj\u0161\u00edch dominant cel\u00e9ho festivalu, kter\u00e1 v lo\u0148sk\u00e9m roce naprosto ovl\u00e1dla srdce fanou\u0161k\u016f modern\u00ed hudby. Program VELO stage na \u010dty\u0159ech zast\u00e1vk\u00e1ch leto\u0161n\u00edho Maj\u00e1lesu op\u011bt slibuje velkolepou show. N\u00e1v\u0161t\u011bvn\u00edci se znovu ocitnou v objet\u00ed ikonick\u00e9ho kosmonauta, tentokr\u00e1t v\u0161ak s nov\u00fdmi efekty a line-upem.<\/strong><\/p>\n\n\n\n<p>Zna\u010dka VELO i pro rok 2026 potvrzuje roli jednoho z hlavn\u00edch partner\u016f festivalu a navazuje na lo\u0148sk\u00fd \u00fasp\u011bch, kdy jej\u00ed p\u00f3dium pat\u0159ilo k absolutn\u00edm vrchol\u016fm programu. St\u0159edobodem sc\u00e9ny z\u016fst\u00e1v\u00e1 unik\u00e1tn\u00ed design, kter\u00e9mu dominuje postava VELO astronauta.<\/p>\n\n\n\n<p>Programov\u00e1 nab\u00eddka pro rok 2026 je sestavena tak, aby uspokojila i ty nejn\u00e1ro\u010dn\u011bj\u0161\u00ed fanou\u0161ky. Na p\u00f3diu se vyst\u0159\u00eddaj\u00ed absolutn\u00ed \u0161pi\u010dky sou\u010dasn\u00e9 sc\u00e9ny, mezi kter\u00fdmi nebudou chyb\u011bt jm\u00e9na jako Calin &amp; Ben Cristovao, Mikolas nebo s\u00f3lov\u00e1 show PTK. Svou neutuchaj\u00edc\u00ed energii p\u0159iveze tak\u00e9 legend\u00e1rn\u00ed slovensk\u00e9 trio Kontrafakt. O velkolep\u00e9 zah\u00e1jen\u00ed se postar\u00e1 exkluzivn\u00ed Grand Opening Show v&nbsp;pod\u00e1n\u00ed BUKY.<\/p>\n\n\n\n<p>Hudebn\u00ed z\u00e1\u017eitek na VELO stage v\u0161ak nen\u00ed jen o samotn\u00fdch vystoupen\u00edch, ale o celkov\u00e9m propojen\u00ed \u0161pi\u010dkov\u00e9ho zvuku s fascinuj\u00edc\u00edmi kulisami. Krom\u011b hudebn\u00ed n\u00e1lo\u017ee se mohou n\u00e1v\u0161t\u011bvn\u00edci t\u011b\u0161it na bohat\u00fd doprovodn\u00fd program ve VELO z\u00f3n\u011b s&nbsp;unik\u00e1tn\u00edm v\u00fdhledem a v bezprost\u0159edn\u00ed bl\u00edzkosti p\u00f3dia.<\/p>\n\n\n\n<p>Tato o\u00e1za z\u00e1bavy nab\u00eddne nap\u0159\u00edklad obl\u00edben\u00e9 moving karaoke, kde si odv\u00e1\u017elivci mohou vyzkou\u0161et rapov\u00e9 party sv\u00fdch idol\u016f a z\u00edskat za to zaj\u00edmav\u00e9 odm\u011bny v podob\u011b voucher\u016f na drink.<\/p>\n\n\n\n<p>Chyb\u011bt nebude ani stylov\u00fd automat pln\u00fd d\u00e1rk\u016f nebo zcela nov\u00e1 doprovodn\u00e1 stage s&nbsp;elektronickou hudbou VELODROM. Cel\u00fd prostor z\u00f3ny je koncipov\u00e1n jako m\u00edsto setk\u00e1v\u00e1n\u00ed, kde se fanou\u0161ci mohou uvolnit mezi jednotliv\u00fdmi koncerty a u\u017e\u00edt si atmosf\u00e9ru Maj\u00e1lesu naplno.<\/p>\n\n\n\n<p>Pro ty, kte\u0159\u00ed cht\u011bj\u00ed sv\u016fj festivalov\u00fd z\u00e1\u017eitek je\u0161t\u011b umocnit, prob\u00edhaj\u00ed na soci\u00e1ln\u00edch s\u00edt\u00edch zna\u010dky VELO a ofici\u00e1ln\u00edch profilech Maj\u00e1lesu atraktivn\u00ed sout\u011b\u017ee. Ve h\u0159e jsou nejen vstupenky, ale p\u0159edev\u0161\u00edm exkluzivn\u00ed VIP upgrady, kter\u00e9 umo\u017e\u0148uj\u00ed sledovat show z bezprost\u0159edn\u00ed bl\u00edzkosti nebo nahl\u00e9dnout do z\u00e1kulis\u00ed za sv\u00fdmi obl\u00edben\u00fdmi interprety. Sta\u010d\u00ed sledovat aktu\u00e1ln\u00ed v\u00fdzvy a zapojit se do d\u011bn\u00ed, kter\u00e9 graduje s ka\u017ed\u00fdm bl\u00ed\u017e\u00edc\u00edm se term\u00ednem.<\/p>\n\n\n\n<p>Cel\u00e1 tato velkolep\u00e1 j\u00edzda odstartuje ji\u017e 25. dubna v Hradci Kr\u00e1lov\u00e9, odkud se p\u0159es pra\u017esk\u00e9 Let\u0148any (1. 5.) a brn\u011bnsk\u00e9 v\u00fdstavi\u0161t\u011b (8. 5) p\u0159esune a\u017e k z\u00e1v\u011bre\u010dn\u00e9mu fin\u00e1le v ostravsk\u00fdch V\u00edtkovic\u00edch, kter\u00e9 prob\u011bhne 16. kv\u011btna.<\/p>\n\n\n\n<p>VELO stage tak i letos z\u016fst\u00e1v\u00e1 m\u00edstem, kde se potk\u00e1v\u00e1 \u0161pi\u010dkov\u00e1 hudebn\u00ed produkce s nezapomenutelnou vizu\u00e1ln\u00ed show, a tvo\u0159\u00ed tak jeden z hlavn\u00edch pil\u00ed\u0159\u016f, pro\u010d byste si leto\u0161n\u00ed Maj\u00e1les rozhodn\u011b nem\u011bli nechat uj\u00edt. Vstupenky jsou ji\u017e nyn\u00ed k dispozici na ofici\u00e1ln\u00edm webu majales.cz, kde najdete i kompletn\u00ed a pr\u016fb\u011b\u017en\u011b dopl\u0148ovan\u00fd line-up pro v\u0161echna m\u011bsta, do kter\u00fdch Maj\u00e1les spolu s&nbsp;VELO zav\u00edt\u00e1.<\/p>\n\n\n\n<p>Ve\u0161ker\u00e9 dal\u0161\u00ed informace i aktu\u00e1ln\u00ed d\u011bn\u00ed m\u016f\u017eou fanou\u0161ci sledovat na ofici\u00e1ln\u00edm <a href=\"https:\/\/www.instagram.com\/velo_.cz?igsh=Y2FteHRybTV5dXE=\" target=\"_blank\" rel=\"noreferrer noopener\">instagramov\u00e9m profilu<\/a> VELO <strong>@velo_.cz<\/strong>.<\/p>\n\n\n\n<p><em>Foto: BAT<\/em><\/p>\n","protected":false},"excerpt":{"rendered":"<p>Leto\u0161n\u00ed sez\u00f3na Maj\u00e1les\u016f se nezadr\u017eiteln\u011b bl\u00ed\u017e\u00ed a s n\u00ed i n\u00e1vrat jedn\u00e9 z nejv\u00fdrazn\u011bj\u0161\u00edch dominant cel\u00e9ho festivalu, kter\u00e1 v lo\u0148sk\u00e9m<\/p>\n","protected":false},"author":1,"featured_media":2615,"comment_status":"open","ping_status":"open","sticky":false,"template":"","format":"standard","meta":{"colormag_page_container_layout":"default_layout","colormag_page_sidebar_layout":"default_layout"},"categories":[53],"tags":[65,284,301,67,634],"_links":{"self":[{"href":"https:\/\/www.iforbes.cz\/index.php\/wp-json\/wp\/v2\/posts\/2614"}],"collection":[{"href":"https:\/\/www.iforbes.cz\/index.php\/wp-json\/wp\/v2\/posts"}],"about":[{"href":"https:\/\/www.iforbes.cz\/index.php\/wp-json\/wp\/v2\/types\/post"}],"author":[{"embeddable":true,"href":"https:\/\/www.iforbes.cz\/index.php\/wp-json\/wp\/v2\/users\/1"}],"replies":[{"embeddable":true,"href":"https:\/\/www.iforbes.cz\/index.php\/wp-json\/wp\/v2\/comments?post=2614"}],"version-history":[{"count":1,"href":"https:\/\/www.iforbes.cz\/index.php\/wp-json\/wp\/v2\/posts\/2614\/revisions"}],"predecessor-version":[{"id":2616,"href":"https:\/\/www.iforbes.cz\/index.php\/wp-json\/wp\/v2\/posts\/2614\/revisions\/2616"}],"wp:featuredmedia":[{"embeddable":true,"href":"https:\/\/www.iforbes.cz\/index.php\/wp-json\/wp\/v2\/media\/2615"}],"wp:attachment":[{"href":"https:\/\/www.iforbes.cz\/index.php\/wp-json\/wp\/v2\/media?parent=2614"}],"wp:term":[{"taxonomy":"category","embeddable":true,"href":"https:\/\/www.iforbes.cz\/index.php\/wp-json\/wp\/v2\/categories?post=2614"},{"taxonomy":"post_tag","embeddable":true,"href":"https:\/\/www.iforbes.cz\/index.php\/wp-json\/wp\/v2\/tags?post=2614"}],"curies":[{"name":"wp","href":"https:\/\/api.w.org\/{rel}","templated":true}]}}